
{"id":67158,"date":"2017-08-22T20:03:34","date_gmt":"2017-08-22T23:03:34","guid":{"rendered":"http:\/\/www.sudoestehoje.com.br\/novoportal\/?p=67158"},"modified":"2017-08-22T20:03:34","modified_gmt":"2017-08-22T23:03:34","slug":"fundador-da-oas-e-genro-do-ex-senador-acm-morre-em-sao-paulo","status":"publish","type":"post","link":"https:\/\/www.sudoestehoje.com.br\/novoportal\/2017\/08\/22\/fundador-da-oas-e-genro-do-ex-senador-acm-morre-em-sao-paulo\/","title":{"rendered":"FUNDADOR DA OAS E GENRO DO EX-SENADOR ACM MORRE EM S\u00c3O PAULO"},"content":{"rendered":"<p><a href=\"http:\/\/www.sudoestehoje.com.br\/novoportal\/wp-content\/uploads\/2017\/08\/mata-pires.jpg\"><img loading=\"lazy\" decoding=\"async\" class=\"aligncenter size-medium wp-image-67159\" src=\"http:\/\/www.sudoestehoje.com.br\/novoportal\/wp-content\/uploads\/2017\/08\/mata-pires-500x334.jpg\" alt=\"\" width=\"500\" height=\"334\" srcset=\"https:\/\/www.sudoestehoje.com.br\/novoportal\/wp-content\/uploads\/2017\/08\/mata-pires-500x334.jpg 500w, https:\/\/www.sudoestehoje.com.br\/novoportal\/wp-content\/uploads\/2017\/08\/mata-pires-768x512.jpg 768w, https:\/\/www.sudoestehoje.com.br\/novoportal\/wp-content\/uploads\/2017\/08\/mata-pires-700x467.jpg 700w, https:\/\/www.sudoestehoje.com.br\/novoportal\/wp-content\/uploads\/2017\/08\/mata-pires.jpg 1000w\" sizes=\"auto, (max-width: 500px) 100vw, 500px\" \/><\/a><\/p>\n<p>O maior acionista da empreiteira OAS, C\u00e9sar de Ara\u00fajo Mata Pires, de 68 anos, morreu nesta ter\u00e7a-feira (22) enquanto caminhava pelo Pacaembu, bairro da Zona Oeste de S\u00e3o Paulo.<\/p>\n<p>A suspeita \u00e9 que ele tenha sofrido um infarto fulminante.\u00a0Pires foi fundador da empreiteira criada em 1976, na Bahia.<\/p>\n<p>Ele era casado com Thereza, uma das filhas do ex-senador baiano Ant\u00f4nio Carlos Peixoto Magalh\u00e3es, e tinha dois filhos.\u00a0Em 2015, a revista Forbes estimava que a fortuna de Pires era de US$ 1,6 bilh\u00e3o.\u00a0<strong><a href=\"http:\/\/www.blogdoanderson.com\/?p=343364&amp;preview=true\" target=\"_blank\" rel=\"noopener noreferrer\">Leia a reportagem do G1<\/a><\/strong>.<\/p>\n","protected":false},"excerpt":{"rendered":"<p>O maior acionista da empreiteira OAS, C\u00e9sar de Ara\u00fajo Mata Pires, de 68 anos, morreu nesta ter\u00e7a-feira (22) enquanto caminhava pelo Pacaembu, bairro da Zona Oeste de S\u00e3o Paulo. A suspeita \u00e9 que ele tenha sofrido um infarto fulminante.\u00a0Pires foi fundador da empreiteira criada em 1976, na Bahia. Ele era casado com Thereza, uma das [&hellip;]<\/p>\n","protected":false},"author":2,"featured_media":67159,"comment_status":"open","ping_status":"open","sticky":false,"template":"","format":"standard","meta":{"footnotes":"","_links_to":"","_links_to_target":""},"categories":[1],"tags":[],"class_list":["post-67158","post","type-post","status-publish","format-standard","has-post-thumbnail","hentry","category-geral"],"views":1267,"_links":{"self":[{"href":"https:\/\/www.sudoestehoje.com.br\/novoportal\/wp-json\/wp\/v2\/posts\/67158","targetHints":{"allow":["GET"]}}],"collection":[{"href":"https:\/\/www.sudoestehoje.com.br\/novoportal\/wp-json\/wp\/v2\/posts"}],"about":[{"href":"https:\/\/www.sudoestehoje.com.br\/novoportal\/wp-json\/wp\/v2\/types\/post"}],"author":[{"embeddable":true,"href":"https:\/\/www.sudoestehoje.com.br\/novoportal\/wp-json\/wp\/v2\/users\/2"}],"replies":[{"embeddable":true,"href":"https:\/\/www.sudoestehoje.com.br\/novoportal\/wp-json\/wp\/v2\/comments?post=67158"}],"version-history":[{"count":1,"href":"https:\/\/www.sudoestehoje.com.br\/novoportal\/wp-json\/wp\/v2\/posts\/67158\/revisions"}],"predecessor-version":[{"id":67160,"href":"https:\/\/www.sudoestehoje.com.br\/novoportal\/wp-json\/wp\/v2\/posts\/67158\/revisions\/67160"}],"wp:featuredmedia":[{"embeddable":true,"href":"https:\/\/www.sudoestehoje.com.br\/novoportal\/wp-json\/wp\/v2\/media\/67159"}],"wp:attachment":[{"href":"https:\/\/www.sudoestehoje.com.br\/novoportal\/wp-json\/wp\/v2\/media?parent=67158"}],"wp:term":[{"taxonomy":"category","embeddable":true,"href":"https:\/\/www.sudoestehoje.com.br\/novoportal\/wp-json\/wp\/v2\/categories?post=67158"},{"taxonomy":"post_tag","embeddable":true,"href":"https:\/\/www.sudoestehoje.com.br\/novoportal\/wp-json\/wp\/v2\/tags?post=67158"}],"curies":[{"name":"wp","href":"https:\/\/api.w.org\/{rel}","templated":true}]}}