
{"id":67151,"date":"2017-08-22T10:47:16","date_gmt":"2017-08-22T13:47:16","guid":{"rendered":"http:\/\/www.sudoestehoje.com.br\/novoportal\/?p=67151"},"modified":"2017-08-22T10:47:16","modified_gmt":"2017-08-22T13:47:16","slug":"temer-cumpre-acordo-com-rui-costa-e-libera-emprestimo-de-r-600-milhoes-para-a-bahia","status":"publish","type":"post","link":"https:\/\/www.sudoestehoje.com.br\/novoportal\/2017\/08\/22\/temer-cumpre-acordo-com-rui-costa-e-libera-emprestimo-de-r-600-milhoes-para-a-bahia\/","title":{"rendered":"TEMER CUMPRE ACORDO COM RUI COSTA E LIBERA EMPR\u00c9STIMO DE R$ 600 MILH\u00d5ES PARA A BAHIA"},"content":{"rendered":"<p><a href=\"http:\/\/www.sudoestehoje.com.br\/novoportal\/wp-content\/uploads\/2017\/08\/TEMER-E-RUI-1.jpg\"><img loading=\"lazy\" decoding=\"async\" class=\"aligncenter size-medium wp-image-67152\" src=\"http:\/\/www.sudoestehoje.com.br\/novoportal\/wp-content\/uploads\/2017\/08\/TEMER-E-RUI-1-500x334.jpg\" alt=\"\" width=\"500\" height=\"334\" srcset=\"https:\/\/www.sudoestehoje.com.br\/novoportal\/wp-content\/uploads\/2017\/08\/TEMER-E-RUI-1-500x334.jpg 500w, https:\/\/www.sudoestehoje.com.br\/novoportal\/wp-content\/uploads\/2017\/08\/TEMER-E-RUI-1-768x513.jpg 768w, https:\/\/www.sudoestehoje.com.br\/novoportal\/wp-content\/uploads\/2017\/08\/TEMER-E-RUI-1-700x468.jpg 700w, https:\/\/www.sudoestehoje.com.br\/novoportal\/wp-content\/uploads\/2017\/08\/TEMER-E-RUI-1.jpg 1600w\" sizes=\"auto, (max-width: 500px) 100vw, 500px\" \/><\/a><\/p>\n<p>Depois da pol\u00eamica em torno da libera\u00e7\u00e3o do empr\u00e9stimo de R$ 600 milh\u00f5es do Banco do Brasil para a Bahia, o governo federal decidiu autorizar a concess\u00e3o do dinheiro para o Estado. O extrato foi publicado no Di\u00e1rio Oficial do Estado desta ter\u00e7a-feira (22).<\/p>\n<p>Em julho, o\u00a0senador Otto Alencar\u00a0(PSD) acusou os parlamentares do DEM de\u00a0pressionarem o presidente Michel Temer (PMDB) para barrar a libera\u00e7\u00e3o do recurso. O ex-governador e secret\u00e1rio estadual de Desenvolvimento Econ\u00f4mico,\u00a0Jaques Wagner\u00a0(PT), chegou a chamar o\u00a0caso de \u201cmesquinharia\u201d.<\/p>\n<p>Deputados do Democratas negaram o\u00a0\u201cboicote\u201d\u00a0e o\u00a0prefeito de Salvador, ACM Neto (DEM), disse que o senador queria \u201calimentar debate pol\u00edtico sem fundamenta\u00e7\u00e3o\u201d.<\/p>\n<p>Para liberar o empr\u00e9stimo, o\u00a0governador Rui Costa\u00a0(PT) prometeu ajudar Temer na vota\u00e7\u00e3o da den\u00fancia feita pela Procuradoria Geral da Rep\u00fablica (PGR) contra o peemedebista.<\/p>\n<p>O petista exonerou os secret\u00e1rios de Desenvolvimento Urbano e Rela\u00e7\u00f5es Institucionais,\u00a0Fernando Torres\u00a0(PSD) e Josias Gomes (PT), respectivamente, para apoiar o chefe do Pal\u00e1cio do Planalto, mas recuou ap\u00f3s press\u00e3o de aliados e pela n\u00e3o garantia da concess\u00e3o da verba.<\/p>\n","protected":false},"excerpt":{"rendered":"<p>Depois da pol\u00eamica em torno da libera\u00e7\u00e3o do empr\u00e9stimo de R$ 600 milh\u00f5es do Banco do Brasil para a Bahia, o governo federal decidiu autorizar a concess\u00e3o do dinheiro para o Estado. O extrato foi publicado no Di\u00e1rio Oficial do Estado desta ter\u00e7a-feira (22). Em julho, o\u00a0senador Otto Alencar\u00a0(PSD) acusou os parlamentares do DEM de\u00a0pressionarem [&hellip;]<\/p>\n","protected":false},"author":2,"featured_media":67152,"comment_status":"open","ping_status":"open","sticky":false,"template":"","format":"standard","meta":{"footnotes":"","_links_to":"","_links_to_target":""},"categories":[1],"tags":[],"class_list":["post-67151","post","type-post","status-publish","format-standard","has-post-thumbnail","hentry","category-geral"],"views":2633,"_links":{"self":[{"href":"https:\/\/www.sudoestehoje.com.br\/novoportal\/wp-json\/wp\/v2\/posts\/67151","targetHints":{"allow":["GET"]}}],"collection":[{"href":"https:\/\/www.sudoestehoje.com.br\/novoportal\/wp-json\/wp\/v2\/posts"}],"about":[{"href":"https:\/\/www.sudoestehoje.com.br\/novoportal\/wp-json\/wp\/v2\/types\/post"}],"author":[{"embeddable":true,"href":"https:\/\/www.sudoestehoje.com.br\/novoportal\/wp-json\/wp\/v2\/users\/2"}],"replies":[{"embeddable":true,"href":"https:\/\/www.sudoestehoje.com.br\/novoportal\/wp-json\/wp\/v2\/comments?post=67151"}],"version-history":[{"count":2,"href":"https:\/\/www.sudoestehoje.com.br\/novoportal\/wp-json\/wp\/v2\/posts\/67151\/revisions"}],"predecessor-version":[{"id":67154,"href":"https:\/\/www.sudoestehoje.com.br\/novoportal\/wp-json\/wp\/v2\/posts\/67151\/revisions\/67154"}],"wp:featuredmedia":[{"embeddable":true,"href":"https:\/\/www.sudoestehoje.com.br\/novoportal\/wp-json\/wp\/v2\/media\/67152"}],"wp:attachment":[{"href":"https:\/\/www.sudoestehoje.com.br\/novoportal\/wp-json\/wp\/v2\/media?parent=67151"}],"wp:term":[{"taxonomy":"category","embeddable":true,"href":"https:\/\/www.sudoestehoje.com.br\/novoportal\/wp-json\/wp\/v2\/categories?post=67151"},{"taxonomy":"post_tag","embeddable":true,"href":"https:\/\/www.sudoestehoje.com.br\/novoportal\/wp-json\/wp\/v2\/tags?post=67151"}],"curies":[{"name":"wp","href":"https:\/\/api.w.org\/{rel}","templated":true}]}}