
{"id":67125,"date":"2017-08-20T20:21:39","date_gmt":"2017-08-20T23:21:39","guid":{"rendered":"http:\/\/www.sudoestehoje.com.br\/novoportal\/?p=67125"},"modified":"2017-08-20T20:21:39","modified_gmt":"2017-08-20T23:21:39","slug":"mutirao-de-cirurgias-comeca-nesta-segunda","status":"publish","type":"post","link":"https:\/\/www.sudoestehoje.com.br\/novoportal\/2017\/08\/20\/mutirao-de-cirurgias-comeca-nesta-segunda\/","title":{"rendered":"MUTIR\u00c3O DE CIRURGIAS COME\u00c7A NESTA SEGUNDA"},"content":{"rendered":"<p><a href=\"http:\/\/www.sudoestehoje.com.br\/novoportal\/wp-content\/uploads\/2017\/08\/mutir\u00e3o-de-cirurgias.jpg\"><img loading=\"lazy\" decoding=\"async\" class=\"aligncenter size-medium wp-image-67127\" src=\"http:\/\/www.sudoestehoje.com.br\/novoportal\/wp-content\/uploads\/2017\/08\/mutir\u00e3o-de-cirurgias-500x500.jpg\" alt=\"\" width=\"500\" height=\"500\" srcset=\"https:\/\/www.sudoestehoje.com.br\/novoportal\/wp-content\/uploads\/2017\/08\/mutir\u00e3o-de-cirurgias-500x500.jpg 500w, https:\/\/www.sudoestehoje.com.br\/novoportal\/wp-content\/uploads\/2017\/08\/mutir\u00e3o-de-cirurgias-150x150.jpg 150w, https:\/\/www.sudoestehoje.com.br\/novoportal\/wp-content\/uploads\/2017\/08\/mutir\u00e3o-de-cirurgias-768x768.jpg 768w, https:\/\/www.sudoestehoje.com.br\/novoportal\/wp-content\/uploads\/2017\/08\/mutir\u00e3o-de-cirurgias-700x700.jpg 700w, https:\/\/www.sudoestehoje.com.br\/novoportal\/wp-content\/uploads\/2017\/08\/mutir\u00e3o-de-cirurgias.jpg 960w\" sizes=\"auto, (max-width: 500px) 100vw, 500px\" \/><\/a><\/p>\n<p>Mesmo sem a participa\u00e7\u00e3o do governo do estado, a Secretaria Municipal de Sa\u00fade vai realizar o anunciado Mutir\u00e3o de Cirurgias, beneficiando a popula\u00e7\u00e3o de Itapetinga.<\/p>\n<p>A previs\u00e3o era de um mutir\u00e3o regional, sob o comando da SESAB, mas o agendamento n\u00e3o foi confirmado pelo governo estadual, levando a Prefeitura de Itapetinga a manter o compromisso que havia assumido com a popula\u00e7\u00e3o.<\/p>\n<p>O agendamento e marca\u00e7\u00e3o dos exames pr\u00e9-operat\u00f3rios come\u00e7am a ser feitos na CDM, a partir desta segunda-feira (21), e vai at\u00e9 a pr\u00f3xima sexta (25).<\/p>\n","protected":false},"excerpt":{"rendered":"<p>Mesmo sem a participa\u00e7\u00e3o do governo do estado, a Secretaria Municipal de Sa\u00fade vai realizar o anunciado Mutir\u00e3o de Cirurgias, beneficiando a popula\u00e7\u00e3o de Itapetinga. A previs\u00e3o era de um mutir\u00e3o regional, sob o comando da SESAB, mas o agendamento n\u00e3o foi confirmado pelo governo estadual, levando a Prefeitura de Itapetinga a manter o compromisso [&hellip;]<\/p>\n","protected":false},"author":2,"featured_media":67127,"comment_status":"open","ping_status":"open","sticky":false,"template":"","format":"standard","meta":{"footnotes":"","_links_to":"","_links_to_target":""},"categories":[1],"tags":[],"class_list":["post-67125","post","type-post","status-publish","format-standard","has-post-thumbnail","hentry","category-geral"],"views":1189,"_links":{"self":[{"href":"https:\/\/www.sudoestehoje.com.br\/novoportal\/wp-json\/wp\/v2\/posts\/67125","targetHints":{"allow":["GET"]}}],"collection":[{"href":"https:\/\/www.sudoestehoje.com.br\/novoportal\/wp-json\/wp\/v2\/posts"}],"about":[{"href":"https:\/\/www.sudoestehoje.com.br\/novoportal\/wp-json\/wp\/v2\/types\/post"}],"author":[{"embeddable":true,"href":"https:\/\/www.sudoestehoje.com.br\/novoportal\/wp-json\/wp\/v2\/users\/2"}],"replies":[{"embeddable":true,"href":"https:\/\/www.sudoestehoje.com.br\/novoportal\/wp-json\/wp\/v2\/comments?post=67125"}],"version-history":[{"count":2,"href":"https:\/\/www.sudoestehoje.com.br\/novoportal\/wp-json\/wp\/v2\/posts\/67125\/revisions"}],"predecessor-version":[{"id":67128,"href":"https:\/\/www.sudoestehoje.com.br\/novoportal\/wp-json\/wp\/v2\/posts\/67125\/revisions\/67128"}],"wp:featuredmedia":[{"embeddable":true,"href":"https:\/\/www.sudoestehoje.com.br\/novoportal\/wp-json\/wp\/v2\/media\/67127"}],"wp:attachment":[{"href":"https:\/\/www.sudoestehoje.com.br\/novoportal\/wp-json\/wp\/v2\/media?parent=67125"}],"wp:term":[{"taxonomy":"category","embeddable":true,"href":"https:\/\/www.sudoestehoje.com.br\/novoportal\/wp-json\/wp\/v2\/categories?post=67125"},{"taxonomy":"post_tag","embeddable":true,"href":"https:\/\/www.sudoestehoje.com.br\/novoportal\/wp-json\/wp\/v2\/tags?post=67125"}],"curies":[{"name":"wp","href":"https:\/\/api.w.org\/{rel}","templated":true}]}}