
{"id":67080,"date":"2017-08-18T10:03:59","date_gmt":"2017-08-18T13:03:59","guid":{"rendered":"http:\/\/www.sudoestehoje.com.br\/novoportal\/?p=67080"},"modified":"2017-08-18T12:31:11","modified_gmt":"2017-08-18T15:31:11","slug":"programa-de-olho-na-semana-rebebe-homenagem-na-camara-de-vereadores","status":"publish","type":"post","link":"https:\/\/www.sudoestehoje.com.br\/novoportal\/2017\/08\/18\/programa-de-olho-na-semana-rebebe-homenagem-na-camara-de-vereadores\/","title":{"rendered":"PROGRAMA &#8220;DE OLHO NA SEMANA&#8221; RECEBE HOMENAGEM NA C\u00c2MARA DE VEREADORES"},"content":{"rendered":"<p><a href=\"http:\/\/www.sudoestehoje.com.br\/novoportal\/wp-content\/uploads\/2017\/08\/VEREADORES-COM-JAI.jpg\"><img loading=\"lazy\" decoding=\"async\" class=\"aligncenter size-medium wp-image-67081\" src=\"http:\/\/www.sudoestehoje.com.br\/novoportal\/wp-content\/uploads\/2017\/08\/VEREADORES-COM-JAI-500x300.jpg\" alt=\"\" width=\"500\" height=\"300\" srcset=\"https:\/\/www.sudoestehoje.com.br\/novoportal\/wp-content\/uploads\/2017\/08\/VEREADORES-COM-JAI-500x300.jpg 500w, https:\/\/www.sudoestehoje.com.br\/novoportal\/wp-content\/uploads\/2017\/08\/VEREADORES-COM-JAI-768x461.jpg 768w, https:\/\/www.sudoestehoje.com.br\/novoportal\/wp-content\/uploads\/2017\/08\/VEREADORES-COM-JAI-700x420.jpg 700w, https:\/\/www.sudoestehoje.com.br\/novoportal\/wp-content\/uploads\/2017\/08\/VEREADORES-COM-JAI.jpg 960w\" sizes=\"auto, (max-width: 500px) 100vw, 500px\" \/><\/a><\/p>\n<p>Atrav\u00e9s de uma &#8216;Mo\u00e7\u00e3o de Aplauso&#8217; de autoria da Mesa Diretora da C\u00e2mara Municipal, o programa &#8220;De Olho na Semana&#8221;, apresentado todos os s\u00e1bados pelo comunicador Jai Oliveira, na R\u00e1dio Vida Nova FM, foi homenageado pelos seus 8 anos de exist\u00eancia, na sess\u00e3o legislativa desta quinta-feira (17).<\/p>\n<p>Presente \u00e0 sess\u00e3o, o comunicador Jai Oliveira foi citado pelos vereadores que usaram da palavra, pela sua lisura e profissionalismo na condu\u00e7\u00e3o das entrevistas durante o programa, o que deu a ele e seus companheiros de r\u00e1dio, enorme credibilidade junto \u00e0 popula\u00e7\u00e3o.<\/p>\n<p>A mo\u00e7\u00e3o subscrita pelo presidente Eliomar Barreira e pelos demais vereadores que comp\u00f5em a Mesa Diretora da c\u00e2mara, foi aprovada por unanimidade. Ao final, Jai foi cumprimentado pessoalmente por todos os vereadores presentes \u00e0 sess\u00e3o. Confira a Mo\u00e7\u00e3o:<\/p>\n<p><a href=\"http:\/\/www.sudoestehoje.com.br\/novoportal\/wp-content\/uploads\/2017\/08\/MO\u00c7\u00c3O-1.jpg\"><img loading=\"lazy\" decoding=\"async\" class=\"aligncenter  wp-image-67086\" src=\"http:\/\/www.sudoestehoje.com.br\/novoportal\/wp-content\/uploads\/2017\/08\/MO\u00c7\u00c3O-1-420x700.jpg\" alt=\"\" width=\"449\" height=\"748\" srcset=\"https:\/\/www.sudoestehoje.com.br\/novoportal\/wp-content\/uploads\/2017\/08\/MO\u00c7\u00c3O-1-420x700.jpg 420w, https:\/\/www.sudoestehoje.com.br\/novoportal\/wp-content\/uploads\/2017\/08\/MO\u00c7\u00c3O-1-540x900.jpg 540w, https:\/\/www.sudoestehoje.com.br\/novoportal\/wp-content\/uploads\/2017\/08\/MO\u00c7\u00c3O-1.jpg 576w\" sizes=\"auto, (max-width: 449px) 100vw, 449px\" \/><\/a><\/p>\n<p><em><strong>Por Davi Ferraz<\/strong><\/em><\/p>\n","protected":false},"excerpt":{"rendered":"<p>Atrav\u00e9s de uma &#8216;Mo\u00e7\u00e3o de Aplauso&#8217; de autoria da Mesa Diretora da C\u00e2mara Municipal, o programa &#8220;De Olho na Semana&#8221;, apresentado todos os s\u00e1bados pelo comunicador Jai Oliveira, na R\u00e1dio Vida Nova FM, foi homenageado pelos seus 8 anos de exist\u00eancia, na sess\u00e3o legislativa desta quinta-feira (17). Presente \u00e0 sess\u00e3o, o comunicador Jai Oliveira foi [&hellip;]<\/p>\n","protected":false},"author":2,"featured_media":67081,"comment_status":"open","ping_status":"open","sticky":false,"template":"","format":"standard","meta":{"footnotes":"","_links_to":"","_links_to_target":""},"categories":[1],"tags":[],"class_list":["post-67080","post","type-post","status-publish","format-standard","has-post-thumbnail","hentry","category-geral"],"views":1323,"_links":{"self":[{"href":"https:\/\/www.sudoestehoje.com.br\/novoportal\/wp-json\/wp\/v2\/posts\/67080","targetHints":{"allow":["GET"]}}],"collection":[{"href":"https:\/\/www.sudoestehoje.com.br\/novoportal\/wp-json\/wp\/v2\/posts"}],"about":[{"href":"https:\/\/www.sudoestehoje.com.br\/novoportal\/wp-json\/wp\/v2\/types\/post"}],"author":[{"embeddable":true,"href":"https:\/\/www.sudoestehoje.com.br\/novoportal\/wp-json\/wp\/v2\/users\/2"}],"replies":[{"embeddable":true,"href":"https:\/\/www.sudoestehoje.com.br\/novoportal\/wp-json\/wp\/v2\/comments?post=67080"}],"version-history":[{"count":4,"href":"https:\/\/www.sudoestehoje.com.br\/novoportal\/wp-json\/wp\/v2\/posts\/67080\/revisions"}],"predecessor-version":[{"id":67088,"href":"https:\/\/www.sudoestehoje.com.br\/novoportal\/wp-json\/wp\/v2\/posts\/67080\/revisions\/67088"}],"wp:featuredmedia":[{"embeddable":true,"href":"https:\/\/www.sudoestehoje.com.br\/novoportal\/wp-json\/wp\/v2\/media\/67081"}],"wp:attachment":[{"href":"https:\/\/www.sudoestehoje.com.br\/novoportal\/wp-json\/wp\/v2\/media?parent=67080"}],"wp:term":[{"taxonomy":"category","embeddable":true,"href":"https:\/\/www.sudoestehoje.com.br\/novoportal\/wp-json\/wp\/v2\/categories?post=67080"},{"taxonomy":"post_tag","embeddable":true,"href":"https:\/\/www.sudoestehoje.com.br\/novoportal\/wp-json\/wp\/v2\/tags?post=67080"}],"curies":[{"name":"wp","href":"https:\/\/api.w.org\/{rel}","templated":true}]}}