
{"id":67076,"date":"2017-08-18T12:00:47","date_gmt":"2017-08-18T15:00:47","guid":{"rendered":"http:\/\/www.sudoestehoje.com.br\/novoportal\/?p=67076"},"modified":"2017-08-18T00:50:01","modified_gmt":"2017-08-18T03:50:01","slug":"20-de-agosto-dia-do-macom","status":"publish","type":"post","link":"https:\/\/www.sudoestehoje.com.br\/novoportal\/2017\/08\/18\/20-de-agosto-dia-do-macom\/","title":{"rendered":"20 DE AGOSTO, DIA DO MA\u00c7OM"},"content":{"rendered":"<p><a href=\"http:\/\/www.sudoestehoje.com.br\/novoportal\/wp-content\/uploads\/2017\/08\/ma\u00e7onaria.jpg\"><img loading=\"lazy\" decoding=\"async\" class=\"wp-image-67077 alignleft\" src=\"http:\/\/www.sudoestehoje.com.br\/novoportal\/wp-content\/uploads\/2017\/08\/ma\u00e7onaria-500x500.jpg\" alt=\"\" width=\"250\" height=\"250\" srcset=\"https:\/\/www.sudoestehoje.com.br\/novoportal\/wp-content\/uploads\/2017\/08\/ma\u00e7onaria-500x500.jpg 500w, https:\/\/www.sudoestehoje.com.br\/novoportal\/wp-content\/uploads\/2017\/08\/ma\u00e7onaria-150x150.jpg 150w, https:\/\/www.sudoestehoje.com.br\/novoportal\/wp-content\/uploads\/2017\/08\/ma\u00e7onaria.jpg 640w\" sizes=\"auto, (max-width: 250px) 100vw, 250px\" \/><\/a><\/p>\n<p>A cada ano, o dia 20 de agosto representa simbolicamente um momento especial no calend\u00e1rio brasileiro, marcando o dia em que se comemora no nosso Pa\u00eds o Dia do Ma\u00e7om. Naturalmente, aproveitamos a oportunidade para Congratular a todos que, de forma direta ou indireta, trabalham diariamente pelo seu aperfei\u00e7oamento moral e intelectual, contribuindo assim para a consolida\u00e7\u00e3o da liberdade consciente do homem e, portanto, para a constru\u00e7\u00e3o de uma sociedade mais justa e perfeita, onde todo e qualquer convencimento seja alcan\u00e7ado pela observa\u00e7\u00e3o do exemplo das a\u00e7\u00f5es praticadas diuturnamente pelos homens de bem.<\/p>\n<p>Assim, diante do ide\u00e1rio ma\u00e7\u00f4nico de tornar feliz a humanidade atrav\u00e9s da busca constante por uma sociedade mais justa e igualit\u00e1ria, refor\u00e7amos as assertivas j\u00e1 registradas pela \u201c<strong>Loja Ma\u00e7\u00f4nica Amor e Uni\u00e3o Itapetinguense<\/strong>\u201d em diferentes meios de comunica\u00e7\u00e3o, no que diz respeito ao fato da Ma\u00e7onaria est\u00e1 alinhada e empenhada com as propostas de mudan\u00e7as reclamadas pela sociedade brasileira, que agindo concretamente tem buscado formular, apoiar e manter firmes proposi\u00e7\u00f5es como as encampadas nas campanhas \u201c<strong>Pela \u00c9tica na Pol\u00edtica<\/strong>\u201d, \u201c<strong>Pela Moralidade no Trato da Coisa P\u00fablica<\/strong>\u201d e \u201c<strong>Contra a Corrup\u00e7\u00e3o e a Impunidade<\/strong>\u201d que tem recebido apoio de aproximadamente 126 mil Ma\u00e7ons filiados \u00e0s quase 3.000 Lojas das 27 Grandes Lojas Ma\u00e7\u00f4nicas de todas as Unidades Federativas do Brasil que comp\u00f5em a <strong>CONFEDERA\u00c7\u00c3O DA MA\u00c7ONARIA SIMB\u00d3LICA DO BRASIL \u2013 CMSB<\/strong>.<\/p>\n<p>Neste contexto e diante das dificuldades pol\u00edticas e econ\u00f4micas, ocasionadas primordialmente pela crise moral que assola grande parte dos nossos representantes governamentais \u00e9 que a CMSB, em sua XLVI Assembleia Geral, realizada na cidade do Rio de Janeiro \/ RJ, entre os dias 8 e 12 de julho do corrente ano, <strong>emitiu uma carta aberta \u00e0 na\u00e7\u00e3o, conclamando o povo brasileiro em favor da retomada da estabilidade pol\u00edtica e econ\u00f4mica do pa\u00eds<\/strong>. Nesta oportunidade ficou registrado \u00e0 na\u00e7\u00e3o brasileira que para as Grandes Lojas Ma\u00e7\u00f4nicas do Brasil: <strong><em>(i)<\/em><\/strong> o sistema de governo mais apropriado para nosso Pa\u00eds \u00e9 o Parlamentarismo, <strong><em>(ii)<\/em><\/strong> que as lideran\u00e7as ma\u00e7\u00f4nicas brasileiras cobrar\u00e3o e exigir\u00e3o, das autoridades competentes, atua\u00e7\u00e3o mais eficaz e proativa no combate aos crimes praticados em nossas fronteiras, destacando-se aqueles associados a internacionaliza\u00e7\u00e3o clandestina de drogas e armas em nosso Pa\u00eds, bem como <strong><em>(iii)<\/em><\/strong> conclamam o povo brasileiro, para no pleito eleitoral de 2018, escolher candidatos ficha-limpa, que possam bem represent\u00e1-lo para retomada da estabilidade pol\u00edtica e econ\u00f4mica do nosso amado Pa\u00eds.<\/p>\n<p>Portando, a fam\u00edlia ma\u00e7\u00f4nica brasileira em geral, <strong>e os ma\u00e7ons de nossa cidade em particular<\/strong>, seguem firme no estimulo para que cada brasileiro se envolva proativamente em a\u00e7\u00f5es de fortalecimento da justi\u00e7a, repelindo a viol\u00eancia, exercendo direitos e cumprindo deveres constitucionais, recha\u00e7ando em especial todos os governantes e\/ou dirigentes que n\u00e3o derem a devida e necess\u00e1ria aten\u00e7\u00e3o a esses clamores, cujo \u00fanico objetivo deve ser o fortalecimento de um Brasil mais justo e igualit\u00e1rio.<\/p>\n<p>Por fim, resta-nos na oportunidade, mais uma vez, <strong>Saudar, Parabenizar e Estimular todos os homens de bem, livres e de bons costumes que n\u00e3o apenas est\u00e3o ma\u00e7ons, mais sim s\u00e3o verdadeiros ma\u00e7ons<\/strong>, e que portanto n\u00e3o se omitem, participando dentro das suas possibilidades e limita\u00e7\u00f5es deste momento de leg\u00edtimo exerc\u00edcio de cidadania, cumprindo sua fun\u00e7\u00e3o de <strong>verdadeiro Construtor Social<\/strong>.<\/p>\n<p><strong>Loja Ma\u00e7\u00f4nica Amor e Uni\u00e3o Itapetinguense<\/strong><\/p>\n<p><strong>Itapetinga, Bahia (2017)<\/strong><\/p>\n","protected":false},"excerpt":{"rendered":"<p>A cada ano, o dia 20 de agosto representa simbolicamente um momento especial no calend\u00e1rio brasileiro, marcando o dia em que se comemora no nosso Pa\u00eds o Dia do Ma\u00e7om. Naturalmente, aproveitamos a oportunidade para Congratular a todos que, de forma direta ou indireta, trabalham diariamente pelo seu aperfei\u00e7oamento moral e intelectual, contribuindo assim para [&hellip;]<\/p>\n","protected":false},"author":2,"featured_media":67077,"comment_status":"open","ping_status":"open","sticky":false,"template":"","format":"standard","meta":{"footnotes":"","_links_to":"","_links_to_target":""},"categories":[1],"tags":[],"class_list":["post-67076","post","type-post","status-publish","format-standard","has-post-thumbnail","hentry","category-geral"],"views":1209,"_links":{"self":[{"href":"https:\/\/www.sudoestehoje.com.br\/novoportal\/wp-json\/wp\/v2\/posts\/67076","targetHints":{"allow":["GET"]}}],"collection":[{"href":"https:\/\/www.sudoestehoje.com.br\/novoportal\/wp-json\/wp\/v2\/posts"}],"about":[{"href":"https:\/\/www.sudoestehoje.com.br\/novoportal\/wp-json\/wp\/v2\/types\/post"}],"author":[{"embeddable":true,"href":"https:\/\/www.sudoestehoje.com.br\/novoportal\/wp-json\/wp\/v2\/users\/2"}],"replies":[{"embeddable":true,"href":"https:\/\/www.sudoestehoje.com.br\/novoportal\/wp-json\/wp\/v2\/comments?post=67076"}],"version-history":[{"count":1,"href":"https:\/\/www.sudoestehoje.com.br\/novoportal\/wp-json\/wp\/v2\/posts\/67076\/revisions"}],"predecessor-version":[{"id":67079,"href":"https:\/\/www.sudoestehoje.com.br\/novoportal\/wp-json\/wp\/v2\/posts\/67076\/revisions\/67079"}],"wp:featuredmedia":[{"embeddable":true,"href":"https:\/\/www.sudoestehoje.com.br\/novoportal\/wp-json\/wp\/v2\/media\/67077"}],"wp:attachment":[{"href":"https:\/\/www.sudoestehoje.com.br\/novoportal\/wp-json\/wp\/v2\/media?parent=67076"}],"wp:term":[{"taxonomy":"category","embeddable":true,"href":"https:\/\/www.sudoestehoje.com.br\/novoportal\/wp-json\/wp\/v2\/categories?post=67076"},{"taxonomy":"post_tag","embeddable":true,"href":"https:\/\/www.sudoestehoje.com.br\/novoportal\/wp-json\/wp\/v2\/tags?post=67076"}],"curies":[{"name":"wp","href":"https:\/\/api.w.org\/{rel}","templated":true}]}}