
{"id":67069,"date":"2017-08-17T18:35:16","date_gmt":"2017-08-17T21:35:16","guid":{"rendered":"http:\/\/www.sudoestehoje.com.br\/novoportal\/?p=67069"},"modified":"2017-08-17T18:35:16","modified_gmt":"2017-08-17T21:35:16","slug":"temer-assina-decreto-que-autoriza-abertura-de-supermercados-aos-domingos-e-feriados","status":"publish","type":"post","link":"https:\/\/www.sudoestehoje.com.br\/novoportal\/2017\/08\/17\/temer-assina-decreto-que-autoriza-abertura-de-supermercados-aos-domingos-e-feriados\/","title":{"rendered":"TEMER ASSINA DECRETO QUE AUTORIZA ABERTURA DE SUPERMERCADOS AOS DOMINGOS E FERIADOS"},"content":{"rendered":"<p><a href=\"http:\/\/www.sudoestehoje.com.br\/novoportal\/wp-content\/uploads\/2017\/08\/RONDELLI.jpg\"><img loading=\"lazy\" decoding=\"async\" class=\"aligncenter size-medium wp-image-67071\" src=\"http:\/\/www.sudoestehoje.com.br\/novoportal\/wp-content\/uploads\/2017\/08\/RONDELLI-500x375.jpg\" alt=\"\" width=\"500\" height=\"375\" srcset=\"https:\/\/www.sudoestehoje.com.br\/novoportal\/wp-content\/uploads\/2017\/08\/RONDELLI-500x375.jpg 500w, https:\/\/www.sudoestehoje.com.br\/novoportal\/wp-content\/uploads\/2017\/08\/RONDELLI.jpg 640w\" sizes=\"auto, (max-width: 500px) 100vw, 500px\" \/><\/a><\/p>\n<p>O presidente Michel Temer assinou nesta quarta-feira, 16, um decreto que reconhece o setor supermercadista como atividade essencial da economia. Com o novo status, o setor passa a ter seguran\u00e7a jur\u00eddica para contratar seus funcion\u00e1rios e negociar com prefeituras e sindicatos a abertura dos estabelecimentos aos domingos e feriados, em todo o Brasil.<\/p>\n<p>Segundo o Minist\u00e9rio da Ind\u00fastria, Com\u00e9rcio Exterior e Servi\u00e7os, a mudan\u00e7a da norma atende a uma solicita\u00e7\u00e3o feita no ano passado pela Associa\u00e7\u00e3o Brasileira de Supermercados (Abras) e \u00e9 um pleito antigo do setor varejista. Para o minist\u00e9rio, a altera\u00e7\u00e3o na legisla\u00e7\u00e3o melhora o ambiente de neg\u00f3cios, d\u00e1 mais competitividade ao segmento, permite o crescimento das empresas e, consequentemente, a gera\u00e7\u00e3o de emprego.<\/p>\n","protected":false},"excerpt":{"rendered":"<p>O presidente Michel Temer assinou nesta quarta-feira, 16, um decreto que reconhece o setor supermercadista como atividade essencial da economia. Com o novo status, o setor passa a ter seguran\u00e7a jur\u00eddica para contratar seus funcion\u00e1rios e negociar com prefeituras e sindicatos a abertura dos estabelecimentos aos domingos e feriados, em todo o Brasil. Segundo o [&hellip;]<\/p>\n","protected":false},"author":2,"featured_media":67071,"comment_status":"open","ping_status":"open","sticky":false,"template":"","format":"standard","meta":{"footnotes":"","_links_to":"","_links_to_target":""},"categories":[1],"tags":[],"class_list":["post-67069","post","type-post","status-publish","format-standard","has-post-thumbnail","hentry","category-geral"],"views":1681,"_links":{"self":[{"href":"https:\/\/www.sudoestehoje.com.br\/novoportal\/wp-json\/wp\/v2\/posts\/67069","targetHints":{"allow":["GET"]}}],"collection":[{"href":"https:\/\/www.sudoestehoje.com.br\/novoportal\/wp-json\/wp\/v2\/posts"}],"about":[{"href":"https:\/\/www.sudoestehoje.com.br\/novoportal\/wp-json\/wp\/v2\/types\/post"}],"author":[{"embeddable":true,"href":"https:\/\/www.sudoestehoje.com.br\/novoportal\/wp-json\/wp\/v2\/users\/2"}],"replies":[{"embeddable":true,"href":"https:\/\/www.sudoestehoje.com.br\/novoportal\/wp-json\/wp\/v2\/comments?post=67069"}],"version-history":[{"count":2,"href":"https:\/\/www.sudoestehoje.com.br\/novoportal\/wp-json\/wp\/v2\/posts\/67069\/revisions"}],"predecessor-version":[{"id":67072,"href":"https:\/\/www.sudoestehoje.com.br\/novoportal\/wp-json\/wp\/v2\/posts\/67069\/revisions\/67072"}],"wp:featuredmedia":[{"embeddable":true,"href":"https:\/\/www.sudoestehoje.com.br\/novoportal\/wp-json\/wp\/v2\/media\/67071"}],"wp:attachment":[{"href":"https:\/\/www.sudoestehoje.com.br\/novoportal\/wp-json\/wp\/v2\/media?parent=67069"}],"wp:term":[{"taxonomy":"category","embeddable":true,"href":"https:\/\/www.sudoestehoje.com.br\/novoportal\/wp-json\/wp\/v2\/categories?post=67069"},{"taxonomy":"post_tag","embeddable":true,"href":"https:\/\/www.sudoestehoje.com.br\/novoportal\/wp-json\/wp\/v2\/tags?post=67069"}],"curies":[{"name":"wp","href":"https:\/\/api.w.org\/{rel}","templated":true}]}}