
{"id":67058,"date":"2017-08-17T16:42:44","date_gmt":"2017-08-17T19:42:44","guid":{"rendered":"http:\/\/www.sudoestehoje.com.br\/novoportal\/?p=67058"},"modified":"2017-08-17T16:50:03","modified_gmt":"2017-08-17T19:50:03","slug":"justica-federal-concede-liminar-e-barra-homenagem-a-lula-na-ufrb","status":"publish","type":"post","link":"https:\/\/www.sudoestehoje.com.br\/novoportal\/2017\/08\/17\/justica-federal-concede-liminar-e-barra-homenagem-a-lula-na-ufrb\/","title":{"rendered":"JUSTI\u00c7A FEDERAL BARRA HOMENAGEM A LULA NA UNIVERSIDADE FEDERAL DO REC\u00d4NCAVO"},"content":{"rendered":"<div id=\"attachment_67059\" style=\"width: 510px\" class=\"wp-caption aligncenter\"><a href=\"http:\/\/www.sudoestehoje.com.br\/novoportal\/wp-content\/uploads\/2017\/08\/Lula-05-11-2015-23.jpg\"><img loading=\"lazy\" decoding=\"async\" aria-describedby=\"caption-attachment-67059\" class=\"size-medium wp-image-67059\" src=\"http:\/\/www.sudoestehoje.com.br\/novoportal\/wp-content\/uploads\/2017\/08\/Lula-05-11-2015-23-500x350.jpg\" alt=\"\" width=\"500\" height=\"350\" srcset=\"https:\/\/www.sudoestehoje.com.br\/novoportal\/wp-content\/uploads\/2017\/08\/Lula-05-11-2015-23-500x350.jpg 500w, https:\/\/www.sudoestehoje.com.br\/novoportal\/wp-content\/uploads\/2017\/08\/Lula-05-11-2015-23.jpg 600w\" sizes=\"auto, (max-width: 500px) 100vw, 500px\" \/><\/a><p id=\"caption-attachment-67059\" class=\"wp-caption-text\">Bras\u00edlia- DF 05-11-2015 Foto Lula Marques\/Ag\u00eancia PT Ex- Presidente Luiz In\u00e1cio Lula da Silva participa da 5\u00ba Confer\u00eancia nacional de seguran\u00e7a alimentar e nutricional.<\/p><\/div>\n<p>A Justi\u00e7a Federal deferiu a liminar que pede o cancelamento da entrega do t\u00edtulo de doutor\u00a0honoris causa\u00a0ao ex-presidente Lula (PT), na Universidade Federal do Rec\u00f4ncavo Baiano (UFRB).\u00a0A\u00a0cerim\u00f4nia\u00a0estava marcada para esta sexta-feira (18), em Cruz das Almas, mas, na pe\u00e7a, o magistrado determina a suspens\u00e3o\u00a0do evento para esta \u201cou outra qualquer data\u201d.<\/p>\n<p>O recurso foi\u00a0<a href=\"http:\/\/bahia.ba\/politica\/lider-do-dem-quer-barrar-titulo-de-doutor-honoris-causa-para-lula\/\" target=\"_blank\" rel=\"noopener noreferrer\">apresentado pelo vereador de Salvador Alexandre Aleluia<\/a>\u00a0(DEM).<\/p>\n<p>Segundo a decis\u00e3o do juiz Evandro Reim\u00e3o dos Reis, da 10\u00aa\u00a0 Vara Federal C\u00edvel da SJBA, \u201ca solenidade encontra-se marcada para o dia 18\/08\/2017 e sua realiza\u00e7\u00e3o frustra a presta\u00e7\u00e3o jurisdicional, porquanto, acaso procedente a pretens\u00e3o, n\u00e3o ser\u00e1 poss\u00edvel retroceder no tempo para desconstituir a solenidade\u201d.<\/p>\n<p>O magistrado orienta ainda que o of\u00edcio seja encaminhado \u00e0 Pol\u00edcia Federal, \u201cpara que esteja presenta na data e local anunciados da entrega da honraria e, em caso de descumprimento desta decis\u00e3o, adote as medidas cab\u00edveis\u201d.<\/p>\n","protected":false},"excerpt":{"rendered":"<p>A Justi\u00e7a Federal deferiu a liminar que pede o cancelamento da entrega do t\u00edtulo de doutor\u00a0honoris causa\u00a0ao ex-presidente Lula (PT), na Universidade Federal do Rec\u00f4ncavo Baiano (UFRB).\u00a0A\u00a0cerim\u00f4nia\u00a0estava marcada para esta sexta-feira (18), em Cruz das Almas, mas, na pe\u00e7a, o magistrado determina a suspens\u00e3o\u00a0do evento para esta \u201cou outra qualquer data\u201d. O recurso foi\u00a0apresentado pelo [&hellip;]<\/p>\n","protected":false},"author":2,"featured_media":67059,"comment_status":"open","ping_status":"open","sticky":false,"template":"","format":"standard","meta":{"footnotes":"","_links_to":"","_links_to_target":""},"categories":[1],"tags":[],"class_list":["post-67058","post","type-post","status-publish","format-standard","has-post-thumbnail","hentry","category-geral"],"views":1063,"_links":{"self":[{"href":"https:\/\/www.sudoestehoje.com.br\/novoportal\/wp-json\/wp\/v2\/posts\/67058","targetHints":{"allow":["GET"]}}],"collection":[{"href":"https:\/\/www.sudoestehoje.com.br\/novoportal\/wp-json\/wp\/v2\/posts"}],"about":[{"href":"https:\/\/www.sudoestehoje.com.br\/novoportal\/wp-json\/wp\/v2\/types\/post"}],"author":[{"embeddable":true,"href":"https:\/\/www.sudoestehoje.com.br\/novoportal\/wp-json\/wp\/v2\/users\/2"}],"replies":[{"embeddable":true,"href":"https:\/\/www.sudoestehoje.com.br\/novoportal\/wp-json\/wp\/v2\/comments?post=67058"}],"version-history":[{"count":3,"href":"https:\/\/www.sudoestehoje.com.br\/novoportal\/wp-json\/wp\/v2\/posts\/67058\/revisions"}],"predecessor-version":[{"id":67062,"href":"https:\/\/www.sudoestehoje.com.br\/novoportal\/wp-json\/wp\/v2\/posts\/67058\/revisions\/67062"}],"wp:featuredmedia":[{"embeddable":true,"href":"https:\/\/www.sudoestehoje.com.br\/novoportal\/wp-json\/wp\/v2\/media\/67059"}],"wp:attachment":[{"href":"https:\/\/www.sudoestehoje.com.br\/novoportal\/wp-json\/wp\/v2\/media?parent=67058"}],"wp:term":[{"taxonomy":"category","embeddable":true,"href":"https:\/\/www.sudoestehoje.com.br\/novoportal\/wp-json\/wp\/v2\/categories?post=67058"},{"taxonomy":"post_tag","embeddable":true,"href":"https:\/\/www.sudoestehoje.com.br\/novoportal\/wp-json\/wp\/v2\/tags?post=67058"}],"curies":[{"name":"wp","href":"https:\/\/api.w.org\/{rel}","templated":true}]}}