
{"id":67053,"date":"2017-08-17T15:54:15","date_gmt":"2017-08-17T18:54:15","guid":{"rendered":"http:\/\/www.sudoestehoje.com.br\/novoportal\/?p=67053"},"modified":"2017-08-17T15:56:29","modified_gmt":"2017-08-17T18:56:29","slug":"por-que-nao-implantar-a-zona-azul","status":"publish","type":"post","link":"https:\/\/www.sudoestehoje.com.br\/novoportal\/2017\/08\/17\/por-que-nao-implantar-a-zona-azul\/","title":{"rendered":"POR QUE N\u00c3O IMPLANTAR A ZONA AZUL?"},"content":{"rendered":"<p><a href=\"http:\/\/www.sudoestehoje.com.br\/novoportal\/wp-content\/uploads\/2017\/08\/zona-azul-destaque.jpg\"><img loading=\"lazy\" decoding=\"async\" class=\"aligncenter size-medium wp-image-67054\" src=\"http:\/\/www.sudoestehoje.com.br\/novoportal\/wp-content\/uploads\/2017\/08\/zona-azul-destaque-500x208.jpg\" alt=\"\" width=\"500\" height=\"208\" srcset=\"https:\/\/www.sudoestehoje.com.br\/novoportal\/wp-content\/uploads\/2017\/08\/zona-azul-destaque-500x208.jpg 500w, https:\/\/www.sudoestehoje.com.br\/novoportal\/wp-content\/uploads\/2017\/08\/zona-azul-destaque.jpg 600w\" sizes=\"auto, (max-width: 500px) 100vw, 500px\" \/><\/a><\/p>\n<p>Em 1989, quando assumi a dire\u00e7\u00e3o da 19\u00aa Ciretran, recebi a incumb\u00eancia do ent\u00e3o prefeito Jos\u00e9 Marcos Gusm\u00e3o (PMDB) de implantar a Zona Azul em Itapetinga, com o objetivo de disciplinar o estacionamento de ve\u00edculos nas ruas centrais da cidade.<\/p>\n<p>Seguindo recomenda\u00e7\u00e3o de Z\u00e9 Marcos, inclu\u00ed no projeto de lei, aprovado posteriormente pela c\u00e2mara, uma parceria com a IPAN, entidade rec\u00e9m criada pelo Padre Ren\u00ea e pela incans\u00e1vel vereadora Linda, conhecida popularmente como &#8220;Linda da IPAM&#8221;, que disponibilizou a meninada da entidade de amparo ao menor, para atuar como agentes da Zona Azul.<\/p>\n<p>Apesar da resist\u00eancia de alguns motoristas, a Zona Azul foi implantada em 1990, financiada atrav\u00e9s de parceria p\u00fablico privada, e funcionou como sucesso durante alguns anos, sendo desativada ap\u00f3s a morte precoce de ex-vereadora Linda, sua maior incentivadora. Posteriormente a Zona Azul voltou a ser implantada, mas acabou sendo desativada pelo ex-prefeito Z\u00e9 Carlos, em 2011, sob a alega\u00e7\u00e3o de que &#8220;n\u00e3o dava lucro&#8221;.<\/p>\n<p>Se naquela \u00e9poca, 27 anos atr\u00e1s, o ordenamento do tr\u00e2nsito em Itapetinga j\u00e1 era necess\u00e1rio, imaginem hoje com um n\u00famero bem maior de ve\u00edculos circulando pelo nosso centro comercial.<\/p>\n<p>\u00c9 certo que a complexidade para se implantar um sistema de Zona Azul nos dias de hoje \u00e9 bem maior, mas isto n\u00e3o deve servir de motivo para refutar a ideia, mesmo porque os nossos atuais dirigentes municipais s\u00e3o, a princ\u00edpio, &#8216;mais preparados&#8217;, e disp\u00f5em de ferramentas e tecnologias que n\u00e3o existiam naquela \u00e9poca em que a Zona Azul era tocada por meninos pobres com simples tal\u00f5es nas m\u00e3os.<\/p>\n<p>Fica lan\u00e7ada a ideia e o desafio.<\/p>\n<p><strong><em>Por Davi Ferraz<\/em><\/strong><\/p>\n","protected":false},"excerpt":{"rendered":"<p>Em 1989, quando assumi a dire\u00e7\u00e3o da 19\u00aa Ciretran, recebi a incumb\u00eancia do ent\u00e3o prefeito Jos\u00e9 Marcos Gusm\u00e3o (PMDB) de implantar a Zona Azul em Itapetinga, com o objetivo de disciplinar o estacionamento de ve\u00edculos nas ruas centrais da cidade. Seguindo recomenda\u00e7\u00e3o de Z\u00e9 Marcos, inclu\u00ed no projeto de lei, aprovado posteriormente pela c\u00e2mara, uma [&hellip;]<\/p>\n","protected":false},"author":2,"featured_media":67054,"comment_status":"open","ping_status":"open","sticky":false,"template":"","format":"standard","meta":{"footnotes":"","_links_to":"","_links_to_target":""},"categories":[1],"tags":[],"class_list":["post-67053","post","type-post","status-publish","format-standard","has-post-thumbnail","hentry","category-geral"],"views":1426,"_links":{"self":[{"href":"https:\/\/www.sudoestehoje.com.br\/novoportal\/wp-json\/wp\/v2\/posts\/67053","targetHints":{"allow":["GET"]}}],"collection":[{"href":"https:\/\/www.sudoestehoje.com.br\/novoportal\/wp-json\/wp\/v2\/posts"}],"about":[{"href":"https:\/\/www.sudoestehoje.com.br\/novoportal\/wp-json\/wp\/v2\/types\/post"}],"author":[{"embeddable":true,"href":"https:\/\/www.sudoestehoje.com.br\/novoportal\/wp-json\/wp\/v2\/users\/2"}],"replies":[{"embeddable":true,"href":"https:\/\/www.sudoestehoje.com.br\/novoportal\/wp-json\/wp\/v2\/comments?post=67053"}],"version-history":[{"count":3,"href":"https:\/\/www.sudoestehoje.com.br\/novoportal\/wp-json\/wp\/v2\/posts\/67053\/revisions"}],"predecessor-version":[{"id":67057,"href":"https:\/\/www.sudoestehoje.com.br\/novoportal\/wp-json\/wp\/v2\/posts\/67053\/revisions\/67057"}],"wp:featuredmedia":[{"embeddable":true,"href":"https:\/\/www.sudoestehoje.com.br\/novoportal\/wp-json\/wp\/v2\/media\/67054"}],"wp:attachment":[{"href":"https:\/\/www.sudoestehoje.com.br\/novoportal\/wp-json\/wp\/v2\/media?parent=67053"}],"wp:term":[{"taxonomy":"category","embeddable":true,"href":"https:\/\/www.sudoestehoje.com.br\/novoportal\/wp-json\/wp\/v2\/categories?post=67053"},{"taxonomy":"post_tag","embeddable":true,"href":"https:\/\/www.sudoestehoje.com.br\/novoportal\/wp-json\/wp\/v2\/tags?post=67053"}],"curies":[{"name":"wp","href":"https:\/\/api.w.org\/{rel}","templated":true}]}}