
{"id":67046,"date":"2017-08-17T09:54:59","date_gmt":"2017-08-17T12:54:59","guid":{"rendered":"http:\/\/www.sudoestehoje.com.br\/novoportal\/?p=67046"},"modified":"2017-08-17T09:54:59","modified_gmt":"2017-08-17T12:54:59","slug":"pro-santas-casas-e-aprovado-na-camara-e-vai-a-sancao-presidencial","status":"publish","type":"post","link":"https:\/\/www.sudoestehoje.com.br\/novoportal\/2017\/08\/17\/pro-santas-casas-e-aprovado-na-camara-e-vai-a-sancao-presidencial\/","title":{"rendered":"PR\u00d3-SANTAS CASAS \u00c9 APROVADO NA C\u00c2MARA E VAI \u00c0 SAN\u00c7\u00c3O PRESIDENCIAL"},"content":{"rendered":"<p><em><strong>Ascom\u00a0<\/strong><\/em><\/p>\n<p><a href=\"http:\/\/www.sudoestehoje.com.br\/novoportal\/wp-content\/uploads\/2017\/08\/Antonio-Brito-Pro-Santas-Casas.jpg\"><img loading=\"lazy\" decoding=\"async\" class=\"aligncenter  wp-image-67047\" src=\"http:\/\/www.sudoestehoje.com.br\/novoportal\/wp-content\/uploads\/2017\/08\/Antonio-Brito-Pro-Santas-Casas-500x281.jpg\" alt=\"\" width=\"502\" height=\"282\" srcset=\"https:\/\/www.sudoestehoje.com.br\/novoportal\/wp-content\/uploads\/2017\/08\/Antonio-Brito-Pro-Santas-Casas-500x281.jpg 500w, https:\/\/www.sudoestehoje.com.br\/novoportal\/wp-content\/uploads\/2017\/08\/Antonio-Brito-Pro-Santas-Casas-768x432.jpg 768w, https:\/\/www.sudoestehoje.com.br\/novoportal\/wp-content\/uploads\/2017\/08\/Antonio-Brito-Pro-Santas-Casas-700x394.jpg 700w, https:\/\/www.sudoestehoje.com.br\/novoportal\/wp-content\/uploads\/2017\/08\/Antonio-Brito-Pro-Santas-Casas.jpg 1280w\" sizes=\"auto, (max-width: 502px) 100vw, 502px\" \/><\/a><\/p>\n<p>O plen\u00e1rio da C\u00e2mara Federal aprovou hoje (15) o projeto de lei 7606\/17, que cria o Programa de Financiamento Preferencial \u00e0s Institui\u00e7\u00f5es Filantr\u00f3picas e Sem Fins Lucrativos (Pr\u00f3-Santas Casas).<\/p>\n<p>A mat\u00e9ria prev\u00ea a concess\u00e3o de duas linhas de cr\u00e9dito para as Santas Casas e entidades filantr\u00f3picas que atendem de forma complementar ao Sistema \u00danico de Sa\u00fade (SUS): uma de reestrutura\u00e7\u00e3o patrimonial e outra de capital de giro.<\/p>\n<p>A aprova\u00e7\u00e3o do projeto aconteceu na data em que \u00e9 celebrado o Dia Nacional das Santas Casas. Conforme o projeto, para ter acesso \u00e0s linhas de cr\u00e9dito, as entidades ter\u00e3o que apresentar um plano de gest\u00e3o a ser implementado no prazo de dois anos. Estes empr\u00e9stimos ter\u00e3o encargos financeiros m\u00e1ximos de 1,2% ao ano.<\/p>\n<p>O presidente da Frente Parlamentar de Apoio \u00e0s Santas Casas, deputado federal Antonio Brito (PSD-BA), celebrou a aprova\u00e7\u00e3o do Pr\u00f3-Santas Casas: &#8220;Esta \u00e9 uma grande conquista para o setor, que responde por mais da metade dos atendimentos e 60% das interna\u00e7\u00f5es pelo SUS. Ainda n\u00e3o resolver\u00e1 o problema destas entidades, mas proporcionar\u00e1 a renegocia\u00e7\u00e3o das suas d\u00edvidas banc\u00e1rias e o equil\u00edbrio financeiro\u201d, explicou.<\/p>\n<p>O projeto foi aprovado sem altera\u00e7\u00f5es e segue agora para san\u00e7\u00e3o presidencial.<\/p>\n","protected":false},"excerpt":{"rendered":"<p>Ascom\u00a0 O plen\u00e1rio da C\u00e2mara Federal aprovou hoje (15) o projeto de lei 7606\/17, que cria o Programa de Financiamento Preferencial \u00e0s Institui\u00e7\u00f5es Filantr\u00f3picas e Sem Fins Lucrativos (Pr\u00f3-Santas Casas). A mat\u00e9ria prev\u00ea a concess\u00e3o de duas linhas de cr\u00e9dito para as Santas Casas e entidades filantr\u00f3picas que atendem de forma complementar ao Sistema \u00danico [&hellip;]<\/p>\n","protected":false},"author":2,"featured_media":67047,"comment_status":"open","ping_status":"open","sticky":false,"template":"","format":"standard","meta":{"footnotes":"","_links_to":"","_links_to_target":""},"categories":[1],"tags":[],"class_list":["post-67046","post","type-post","status-publish","format-standard","has-post-thumbnail","hentry","category-geral"],"views":1049,"_links":{"self":[{"href":"https:\/\/www.sudoestehoje.com.br\/novoportal\/wp-json\/wp\/v2\/posts\/67046","targetHints":{"allow":["GET"]}}],"collection":[{"href":"https:\/\/www.sudoestehoje.com.br\/novoportal\/wp-json\/wp\/v2\/posts"}],"about":[{"href":"https:\/\/www.sudoestehoje.com.br\/novoportal\/wp-json\/wp\/v2\/types\/post"}],"author":[{"embeddable":true,"href":"https:\/\/www.sudoestehoje.com.br\/novoportal\/wp-json\/wp\/v2\/users\/2"}],"replies":[{"embeddable":true,"href":"https:\/\/www.sudoestehoje.com.br\/novoportal\/wp-json\/wp\/v2\/comments?post=67046"}],"version-history":[{"count":2,"href":"https:\/\/www.sudoestehoje.com.br\/novoportal\/wp-json\/wp\/v2\/posts\/67046\/revisions"}],"predecessor-version":[{"id":67049,"href":"https:\/\/www.sudoestehoje.com.br\/novoportal\/wp-json\/wp\/v2\/posts\/67046\/revisions\/67049"}],"wp:featuredmedia":[{"embeddable":true,"href":"https:\/\/www.sudoestehoje.com.br\/novoportal\/wp-json\/wp\/v2\/media\/67047"}],"wp:attachment":[{"href":"https:\/\/www.sudoestehoje.com.br\/novoportal\/wp-json\/wp\/v2\/media?parent=67046"}],"wp:term":[{"taxonomy":"category","embeddable":true,"href":"https:\/\/www.sudoestehoje.com.br\/novoportal\/wp-json\/wp\/v2\/categories?post=67046"},{"taxonomy":"post_tag","embeddable":true,"href":"https:\/\/www.sudoestehoje.com.br\/novoportal\/wp-json\/wp\/v2\/tags?post=67046"}],"curies":[{"name":"wp","href":"https:\/\/api.w.org\/{rel}","templated":true}]}}