
{"id":67043,"date":"2017-08-16T22:58:09","date_gmt":"2017-08-17T01:58:09","guid":{"rendered":"http:\/\/www.sudoestehoje.com.br\/novoportal\/?p=67043"},"modified":"2017-08-16T22:58:09","modified_gmt":"2017-08-17T01:58:09","slug":"pmdb-voltara-a-se-chamar-mdb-diz-juca","status":"publish","type":"post","link":"https:\/\/www.sudoestehoje.com.br\/novoportal\/2017\/08\/16\/pmdb-voltara-a-se-chamar-mdb-diz-juca\/","title":{"rendered":"PMDB VOLTAR\u00c1 A SE CHAMAR MDB, DIZ JUC\u00c1"},"content":{"rendered":"<p><a href=\"http:\/\/www.sudoestehoje.com.br\/novoportal\/wp-content\/uploads\/2017\/08\/MDB.gif\"><img loading=\"lazy\" decoding=\"async\" class=\"aligncenter  wp-image-67044\" src=\"http:\/\/www.sudoestehoje.com.br\/novoportal\/wp-content\/uploads\/2017\/08\/MDB.gif\" alt=\"\" width=\"499\" height=\"392\" \/><\/a><\/p>\n<p>O PMDB anunciou nesta quarta-feira (16) que os dirigentes da legenda ir\u00e3o rebatizar a sigla com seu nome original: MDB &#8211; Movimento Democr\u00e1tico Brasileiro. A troca busca modernizar os nomes das siglas antes das elei\u00e7\u00f5es de 2018.<\/p>\n<p>A a\u00e7\u00e3o \u00e9 acompanhada por outros partidos como o PTN, que virou o Podemos, o PTdoB, que virou o Avante, o PSDC, que virou o Democracia Crist\u00e3 e o PEN que quer se denominar como Patriota.\u00a0 A altera\u00e7\u00e3o deve ser colocada em vota\u00e7\u00e3o na conven\u00e7\u00e3o nacional da legenda, que est\u00e1 marcada para ocorrer no dia 27 de setembro.<\/p>\n<p>De acordo com o presidente do partido, Romero Juc\u00e1 (RR), a mudan\u00e7a do nome ser\u00e1 comunicada ao Tribunal Superior Eleitoral (TSE) nesta quarta-feira (16) mesmo antes de ser analisada. <em>&#8220;Quero rebater cr\u00edticas de que o PMDB estaria mudando de nome para se esconder. N\u00e3o \u00e9 verdade. Estamos resgatando nossa mem\u00f3ria hist\u00f3rica. Queremos realmente ganhar as ruas. N\u00f3s vamos ter uma nova programa\u00e7\u00e3o, bandeiras nacionais&#8221;<\/em>, explicou Juc\u00e1.<\/p>\n<p>O resgate do MDB est\u00e1 sendo estudada pelo partido desde o fim de 2016.<\/p>\n","protected":false},"excerpt":{"rendered":"<p>O PMDB anunciou nesta quarta-feira (16) que os dirigentes da legenda ir\u00e3o rebatizar a sigla com seu nome original: MDB &#8211; Movimento Democr\u00e1tico Brasileiro. A troca busca modernizar os nomes das siglas antes das elei\u00e7\u00f5es de 2018. A a\u00e7\u00e3o \u00e9 acompanhada por outros partidos como o PTN, que virou o Podemos, o PTdoB, que virou [&hellip;]<\/p>\n","protected":false},"author":2,"featured_media":67044,"comment_status":"open","ping_status":"open","sticky":false,"template":"","format":"standard","meta":{"footnotes":"","_links_to":"","_links_to_target":""},"categories":[1],"tags":[],"class_list":["post-67043","post","type-post","status-publish","format-standard","has-post-thumbnail","hentry","category-geral"],"views":1213,"_links":{"self":[{"href":"https:\/\/www.sudoestehoje.com.br\/novoportal\/wp-json\/wp\/v2\/posts\/67043","targetHints":{"allow":["GET"]}}],"collection":[{"href":"https:\/\/www.sudoestehoje.com.br\/novoportal\/wp-json\/wp\/v2\/posts"}],"about":[{"href":"https:\/\/www.sudoestehoje.com.br\/novoportal\/wp-json\/wp\/v2\/types\/post"}],"author":[{"embeddable":true,"href":"https:\/\/www.sudoestehoje.com.br\/novoportal\/wp-json\/wp\/v2\/users\/2"}],"replies":[{"embeddable":true,"href":"https:\/\/www.sudoestehoje.com.br\/novoportal\/wp-json\/wp\/v2\/comments?post=67043"}],"version-history":[{"count":1,"href":"https:\/\/www.sudoestehoje.com.br\/novoportal\/wp-json\/wp\/v2\/posts\/67043\/revisions"}],"predecessor-version":[{"id":67045,"href":"https:\/\/www.sudoestehoje.com.br\/novoportal\/wp-json\/wp\/v2\/posts\/67043\/revisions\/67045"}],"wp:featuredmedia":[{"embeddable":true,"href":"https:\/\/www.sudoestehoje.com.br\/novoportal\/wp-json\/wp\/v2\/media\/67044"}],"wp:attachment":[{"href":"https:\/\/www.sudoestehoje.com.br\/novoportal\/wp-json\/wp\/v2\/media?parent=67043"}],"wp:term":[{"taxonomy":"category","embeddable":true,"href":"https:\/\/www.sudoestehoje.com.br\/novoportal\/wp-json\/wp\/v2\/categories?post=67043"},{"taxonomy":"post_tag","embeddable":true,"href":"https:\/\/www.sudoestehoje.com.br\/novoportal\/wp-json\/wp\/v2\/tags?post=67043"}],"curies":[{"name":"wp","href":"https:\/\/api.w.org\/{rel}","templated":true}]}}