
{"id":67040,"date":"2017-08-16T13:21:34","date_gmt":"2017-08-16T16:21:34","guid":{"rendered":"http:\/\/www.sudoestehoje.com.br\/novoportal\/?p=67040"},"modified":"2017-08-16T20:28:36","modified_gmt":"2017-08-16T23:28:36","slug":"itapetinga-vagas-privativas-para-automoveis-sao-ocupadas-por-motos-2","status":"publish","type":"post","link":"https:\/\/www.sudoestehoje.com.br\/novoportal\/2017\/08\/16\/itapetinga-vagas-privativas-para-automoveis-sao-ocupadas-por-motos-2\/","title":{"rendered":"ITAPETINGA: VAGAS PRIVATIVAS PARA AUTOM\u00d3VEIS S\u00c3O OCUPADAS POR MOTOS"},"content":{"rendered":"<p><a href=\"http:\/\/www.sudoestehoje.com.br\/novoportal\/wp-content\/uploads\/2017\/08\/motos-500x300-1.jpg\"><img loading=\"lazy\" decoding=\"async\" class=\"aligncenter size-medium wp-image-67041\" src=\"http:\/\/www.sudoestehoje.com.br\/novoportal\/wp-content\/uploads\/2017\/08\/motos-500x300-1-500x300.jpg\" alt=\"\" width=\"500\" height=\"300\" \/><\/a><\/p>\n<p>Quem circula de carro pelas ruas centrais de Itapetinga tem uma enorme dificuldade de encontrar vagas de estacionamento, nos hor\u00e1rios comerciais.<\/p>\n<p>Por falta de fiscaliza\u00e7\u00e3o e aplica\u00e7\u00e3o de multas, motociclistas estacionam onde bem querem, ocupando as vagas demarcadas para autom\u00f3veis, o que causa irrita\u00e7\u00e3o aos motoristas e atritos com os donos da motos.<\/p>\n<p>Na foto acima, tirada na manh\u00e3 desta quarta-feira (16), na rua JJ Seabra, duas motos ocupavam uma vaga para autom\u00f3vel, h\u00e1 apenas 10 metros das vagas demarcadas para motos, pr\u00f3ximo ao Sine Bahia.<\/p>\n<p>A Comutran precisa atuar com firmeza nessa \u00e1rea, para reorganizar os espa\u00e7os de estacionamentos no centro da cidade, que j\u00e1 v\u00eam bagun\u00e7ados h\u00e1 anos.<\/p>\n<p><strong><em>Por Davi Ferraz<\/em><\/strong><\/p>\n","protected":false},"excerpt":{"rendered":"<p>Quem circula de carro pelas ruas centrais de Itapetinga tem uma enorme dificuldade de encontrar vagas de estacionamento, nos hor\u00e1rios comerciais. Por falta de fiscaliza\u00e7\u00e3o e aplica\u00e7\u00e3o de multas, motociclistas estacionam onde bem querem, ocupando as vagas demarcadas para autom\u00f3veis, o que causa irrita\u00e7\u00e3o aos motoristas e atritos com os donos da motos. Na foto [&hellip;]<\/p>\n","protected":false},"author":2,"featured_media":67041,"comment_status":"open","ping_status":"open","sticky":false,"template":"","format":"standard","meta":{"footnotes":"","_links_to":"","_links_to_target":""},"categories":[1],"tags":[],"class_list":["post-67040","post","type-post","status-publish","format-standard","has-post-thumbnail","hentry","category-geral"],"views":1646,"_links":{"self":[{"href":"https:\/\/www.sudoestehoje.com.br\/novoportal\/wp-json\/wp\/v2\/posts\/67040","targetHints":{"allow":["GET"]}}],"collection":[{"href":"https:\/\/www.sudoestehoje.com.br\/novoportal\/wp-json\/wp\/v2\/posts"}],"about":[{"href":"https:\/\/www.sudoestehoje.com.br\/novoportal\/wp-json\/wp\/v2\/types\/post"}],"author":[{"embeddable":true,"href":"https:\/\/www.sudoestehoje.com.br\/novoportal\/wp-json\/wp\/v2\/users\/2"}],"replies":[{"embeddable":true,"href":"https:\/\/www.sudoestehoje.com.br\/novoportal\/wp-json\/wp\/v2\/comments?post=67040"}],"version-history":[{"count":1,"href":"https:\/\/www.sudoestehoje.com.br\/novoportal\/wp-json\/wp\/v2\/posts\/67040\/revisions"}],"predecessor-version":[{"id":67042,"href":"https:\/\/www.sudoestehoje.com.br\/novoportal\/wp-json\/wp\/v2\/posts\/67040\/revisions\/67042"}],"wp:featuredmedia":[{"embeddable":true,"href":"https:\/\/www.sudoestehoje.com.br\/novoportal\/wp-json\/wp\/v2\/media\/67041"}],"wp:attachment":[{"href":"https:\/\/www.sudoestehoje.com.br\/novoportal\/wp-json\/wp\/v2\/media?parent=67040"}],"wp:term":[{"taxonomy":"category","embeddable":true,"href":"https:\/\/www.sudoestehoje.com.br\/novoportal\/wp-json\/wp\/v2\/categories?post=67040"},{"taxonomy":"post_tag","embeddable":true,"href":"https:\/\/www.sudoestehoje.com.br\/novoportal\/wp-json\/wp\/v2\/tags?post=67040"}],"curies":[{"name":"wp","href":"https:\/\/api.w.org\/{rel}","templated":true}]}}