
{"id":67015,"date":"2017-08-16T00:01:43","date_gmt":"2017-08-16T03:01:43","guid":{"rendered":"http:\/\/www.sudoestehoje.com.br\/novoportal\/?p=67015"},"modified":"2017-08-16T00:01:43","modified_gmt":"2017-08-16T03:01:43","slug":"previsao-do-salario-minimo-cai-para-r-969","status":"publish","type":"post","link":"https:\/\/www.sudoestehoje.com.br\/novoportal\/2017\/08\/16\/previsao-do-salario-minimo-cai-para-r-969\/","title":{"rendered":"PREVIS\u00c3O DO SAL\u00c1RIO M\u00cdNIMO CAI PARA R$ 969"},"content":{"rendered":"<p><a href=\"http:\/\/www.sudoestehoje.com.br\/novoportal\/wp-content\/uploads\/2017\/08\/SALARIO.jpg\"><img loading=\"lazy\" decoding=\"async\" class=\"aligncenter size-medium wp-image-67017\" src=\"http:\/\/www.sudoestehoje.com.br\/novoportal\/wp-content\/uploads\/2017\/08\/SALARIO-500x331.jpg\" alt=\"\" width=\"500\" height=\"331\" srcset=\"https:\/\/www.sudoestehoje.com.br\/novoportal\/wp-content\/uploads\/2017\/08\/SALARIO-500x331.jpg 500w, https:\/\/www.sudoestehoje.com.br\/novoportal\/wp-content\/uploads\/2017\/08\/SALARIO.jpg 640w\" sizes=\"auto, (max-width: 500px) 100vw, 500px\" \/><\/a><\/p>\n<p>A revis\u00e3o das proje\u00e7\u00f5es econ\u00f4micas para 2018 levaram o governo a reduzir o sal\u00e1rio m\u00ednimo para o pr\u00f3ximo ano. O valor de R$ 979 que consta na Lei de Diretrizes Or\u00e7ament\u00e1rias (LDO) passar\u00e1 para R$ 969 durante a elabora\u00e7\u00e3o do Or\u00e7amento.<\/p>\n<p>A redu\u00e7\u00e3o ocorreu por causa da diminui\u00e7\u00e3o da proje\u00e7\u00e3o de infla\u00e7\u00e3o, que caiu de 4,5% para 4,2% pelo \u00cdndice Nacional de Pre\u00e7os ao Consumidor Amplo (IPCA). Por lei, at\u00e9 2019, o sal\u00e1rio m\u00ednimo \u00e9 definido com base no crescimento da economia de dois anos antes mais a infla\u00e7\u00e3o pelo \u00cdndice Nacional de Pre\u00e7os ao Consumidor (INPC), \u00edndice pr\u00f3ximo ao IPCA. Como o PIB recuou 3,6% em 2016, a varia\u00e7\u00e3o negativa n\u00e3o se refletir\u00e1 no sal\u00e1rio m\u00ednimo de 2018.<\/p>\n<p>De acordo com o ministro do Planejamento, Dyogo Oliveira, o valor do sal\u00e1rio m\u00ednimo pode mudar at\u00e9 o in\u00edcio do pr\u00f3ximo ano. Segundo ele, o Or\u00e7amento trabalha apenas com estimativas. \u201cO sal\u00e1rio m\u00ednimo s\u00f3 ser\u00e1 conhecido em janeiro. At\u00e9 l\u00e1, v\u00e1rias coisas podem mudar\u201d, declarou.<\/p>\n","protected":false},"excerpt":{"rendered":"<p>A revis\u00e3o das proje\u00e7\u00f5es econ\u00f4micas para 2018 levaram o governo a reduzir o sal\u00e1rio m\u00ednimo para o pr\u00f3ximo ano. O valor de R$ 979 que consta na Lei de Diretrizes Or\u00e7ament\u00e1rias (LDO) passar\u00e1 para R$ 969 durante a elabora\u00e7\u00e3o do Or\u00e7amento. A redu\u00e7\u00e3o ocorreu por causa da diminui\u00e7\u00e3o da proje\u00e7\u00e3o de infla\u00e7\u00e3o, que caiu de [&hellip;]<\/p>\n","protected":false},"author":2,"featured_media":67017,"comment_status":"open","ping_status":"open","sticky":false,"template":"","format":"standard","meta":{"footnotes":"","_links_to":"","_links_to_target":""},"categories":[1],"tags":[],"class_list":["post-67015","post","type-post","status-publish","format-standard","has-post-thumbnail","hentry","category-geral"],"views":1022,"_links":{"self":[{"href":"https:\/\/www.sudoestehoje.com.br\/novoportal\/wp-json\/wp\/v2\/posts\/67015","targetHints":{"allow":["GET"]}}],"collection":[{"href":"https:\/\/www.sudoestehoje.com.br\/novoportal\/wp-json\/wp\/v2\/posts"}],"about":[{"href":"https:\/\/www.sudoestehoje.com.br\/novoportal\/wp-json\/wp\/v2\/types\/post"}],"author":[{"embeddable":true,"href":"https:\/\/www.sudoestehoje.com.br\/novoportal\/wp-json\/wp\/v2\/users\/2"}],"replies":[{"embeddable":true,"href":"https:\/\/www.sudoestehoje.com.br\/novoportal\/wp-json\/wp\/v2\/comments?post=67015"}],"version-history":[{"count":2,"href":"https:\/\/www.sudoestehoje.com.br\/novoportal\/wp-json\/wp\/v2\/posts\/67015\/revisions"}],"predecessor-version":[{"id":67018,"href":"https:\/\/www.sudoestehoje.com.br\/novoportal\/wp-json\/wp\/v2\/posts\/67015\/revisions\/67018"}],"wp:featuredmedia":[{"embeddable":true,"href":"https:\/\/www.sudoestehoje.com.br\/novoportal\/wp-json\/wp\/v2\/media\/67017"}],"wp:attachment":[{"href":"https:\/\/www.sudoestehoje.com.br\/novoportal\/wp-json\/wp\/v2\/media?parent=67015"}],"wp:term":[{"taxonomy":"category","embeddable":true,"href":"https:\/\/www.sudoestehoje.com.br\/novoportal\/wp-json\/wp\/v2\/categories?post=67015"},{"taxonomy":"post_tag","embeddable":true,"href":"https:\/\/www.sudoestehoje.com.br\/novoportal\/wp-json\/wp\/v2\/tags?post=67015"}],"curies":[{"name":"wp","href":"https:\/\/api.w.org\/{rel}","templated":true}]}}