
{"id":67012,"date":"2017-08-15T22:43:33","date_gmt":"2017-08-16T01:43:33","guid":{"rendered":"http:\/\/www.sudoestehoje.com.br\/novoportal\/?p=67012"},"modified":"2017-08-15T22:43:33","modified_gmt":"2017-08-16T01:43:33","slug":"vice-prefeito-de-cidade-baiana-morre-em-acidente-de-carro-em-minas-gerais","status":"publish","type":"post","link":"https:\/\/www.sudoestehoje.com.br\/novoportal\/2017\/08\/15\/vice-prefeito-de-cidade-baiana-morre-em-acidente-de-carro-em-minas-gerais\/","title":{"rendered":"VICE-PREFEITO DE CIDADE BAIANA MORRE EM ACIDENTE DE CARRO EM MINAS GERAIS"},"content":{"rendered":"<p><a href=\"http:\/\/www.sudoestehoje.com.br\/novoportal\/wp-content\/uploads\/2017\/08\/VICE-DE-URANDI.jpg\"><img loading=\"lazy\" decoding=\"async\" class=\"aligncenter size-medium wp-image-67013\" src=\"http:\/\/www.sudoestehoje.com.br\/novoportal\/wp-content\/uploads\/2017\/08\/VICE-DE-URANDI-500x375.jpg\" alt=\"\" width=\"500\" height=\"375\" srcset=\"https:\/\/www.sudoestehoje.com.br\/novoportal\/wp-content\/uploads\/2017\/08\/VICE-DE-URANDI-500x375.jpg 500w, https:\/\/www.sudoestehoje.com.br\/novoportal\/wp-content\/uploads\/2017\/08\/VICE-DE-URANDI-700x525.jpg 700w, https:\/\/www.sudoestehoje.com.br\/novoportal\/wp-content\/uploads\/2017\/08\/VICE-DE-URANDI.jpg 750w\" sizes=\"auto, (max-width: 500px) 100vw, 500px\" \/><\/a><\/p>\n<p>O vice-prefeito de Urandi (a 742 km de Salvador),\u00a0Valmir da Costa Dantas, morreu em um acidente de tr\u00e2nsito na manh\u00e3 desta ter\u00e7a-feira, 15, na MGC-122, em Minas Gerais.<\/p>\n<p>Outras duas pessoas, que viajavam com o pol\u00edtico, tamb\u00e9m morreram na colis\u00e3o frontal.\u00a0Elas foram\u00a0identificadas como Jo\u00e3o de Mandinha e Maria Jos\u00e9.<\/p>\n<p>Segundo informa\u00e7\u00f5es do blog do Tiago Marques, o motorista de um dos carros com placa de Jana\u00faba (MG) teria perdido o controle do ve\u00edculo, rodou\u00a0na pista e\u00a0colidiu com o carro onde as v\u00edtimas estavam.<\/p>\n<p>Conforme o G1 nacional, duas mulheres e um homem, que n\u00e3o foram identificados, ficaram feridos. Eles foram levados para uma unidade de sa\u00fade em Monte Claros. N\u00e3o informa\u00e7\u00f5es sobre o estado de sa\u00fade deles.<\/p>\n","protected":false},"excerpt":{"rendered":"<p>O vice-prefeito de Urandi (a 742 km de Salvador),\u00a0Valmir da Costa Dantas, morreu em um acidente de tr\u00e2nsito na manh\u00e3 desta ter\u00e7a-feira, 15, na MGC-122, em Minas Gerais. Outras duas pessoas, que viajavam com o pol\u00edtico, tamb\u00e9m morreram na colis\u00e3o frontal.\u00a0Elas foram\u00a0identificadas como Jo\u00e3o de Mandinha e Maria Jos\u00e9. Segundo informa\u00e7\u00f5es do blog do Tiago [&hellip;]<\/p>\n","protected":false},"author":2,"featured_media":67013,"comment_status":"open","ping_status":"open","sticky":false,"template":"","format":"standard","meta":{"footnotes":"","_links_to":"","_links_to_target":""},"categories":[1],"tags":[],"class_list":["post-67012","post","type-post","status-publish","format-standard","has-post-thumbnail","hentry","category-geral"],"views":3362,"_links":{"self":[{"href":"https:\/\/www.sudoestehoje.com.br\/novoportal\/wp-json\/wp\/v2\/posts\/67012","targetHints":{"allow":["GET"]}}],"collection":[{"href":"https:\/\/www.sudoestehoje.com.br\/novoportal\/wp-json\/wp\/v2\/posts"}],"about":[{"href":"https:\/\/www.sudoestehoje.com.br\/novoportal\/wp-json\/wp\/v2\/types\/post"}],"author":[{"embeddable":true,"href":"https:\/\/www.sudoestehoje.com.br\/novoportal\/wp-json\/wp\/v2\/users\/2"}],"replies":[{"embeddable":true,"href":"https:\/\/www.sudoestehoje.com.br\/novoportal\/wp-json\/wp\/v2\/comments?post=67012"}],"version-history":[{"count":1,"href":"https:\/\/www.sudoestehoje.com.br\/novoportal\/wp-json\/wp\/v2\/posts\/67012\/revisions"}],"predecessor-version":[{"id":67014,"href":"https:\/\/www.sudoestehoje.com.br\/novoportal\/wp-json\/wp\/v2\/posts\/67012\/revisions\/67014"}],"wp:featuredmedia":[{"embeddable":true,"href":"https:\/\/www.sudoestehoje.com.br\/novoportal\/wp-json\/wp\/v2\/media\/67013"}],"wp:attachment":[{"href":"https:\/\/www.sudoestehoje.com.br\/novoportal\/wp-json\/wp\/v2\/media?parent=67012"}],"wp:term":[{"taxonomy":"category","embeddable":true,"href":"https:\/\/www.sudoestehoje.com.br\/novoportal\/wp-json\/wp\/v2\/categories?post=67012"},{"taxonomy":"post_tag","embeddable":true,"href":"https:\/\/www.sudoestehoje.com.br\/novoportal\/wp-json\/wp\/v2\/tags?post=67012"}],"curies":[{"name":"wp","href":"https:\/\/api.w.org\/{rel}","templated":true}]}}