
{"id":67007,"date":"2017-08-15T11:48:06","date_gmt":"2017-08-15T14:48:06","guid":{"rendered":"http:\/\/www.sudoestehoje.com.br\/novoportal\/?p=67007"},"modified":"2017-08-15T11:48:06","modified_gmt":"2017-08-15T14:48:06","slug":"macarani-prefeito-miller-ferraz-reduz-o-proprio-salario-e-dos-secretarios","status":"publish","type":"post","link":"https:\/\/www.sudoestehoje.com.br\/novoportal\/2017\/08\/15\/macarani-prefeito-miller-ferraz-reduz-o-proprio-salario-e-dos-secretarios\/","title":{"rendered":"MACARANI: PREFEITO MILLER FERRAZ REDUZ O PR\u00d3PRIO SALARIO E DOS SECRET\u00c1RIOS"},"content":{"rendered":"<p><a href=\"http:\/\/www.sudoestehoje.com.br\/novoportal\/wp-content\/uploads\/2017\/08\/miller-gabinete.jpg\"><img loading=\"lazy\" decoding=\"async\" class=\"aligncenter  wp-image-67009\" src=\"http:\/\/www.sudoestehoje.com.br\/novoportal\/wp-content\/uploads\/2017\/08\/miller-gabinete-500x303.jpg\" alt=\"\" width=\"503\" height=\"305\" srcset=\"https:\/\/www.sudoestehoje.com.br\/novoportal\/wp-content\/uploads\/2017\/08\/miller-gabinete-500x303.jpg 500w, https:\/\/www.sudoestehoje.com.br\/novoportal\/wp-content\/uploads\/2017\/08\/miller-gabinete-768x466.jpg 768w, https:\/\/www.sudoestehoje.com.br\/novoportal\/wp-content\/uploads\/2017\/08\/miller-gabinete-700x424.jpg 700w, https:\/\/www.sudoestehoje.com.br\/novoportal\/wp-content\/uploads\/2017\/08\/miller-gabinete.jpg 960w\" sizes=\"auto, (max-width: 503px) 100vw, 503px\" \/><\/a><\/p>\n<p>Visando conter despesas e adequar as contas p\u00fablicas \u00e0s determina\u00e7\u00f5es da Lei de Responsabilidade Fiscal, o prefeito de Macarani, Miller Ferraz (PMDB), anunciou nesta segunda-feira (14) um corte de 18% nos seus pr\u00f3prios subs\u00eddios e do vice Niltinho, medida que atinge tamb\u00e9m os secret\u00e1rios e servidores comissionados do munic\u00edpio.<\/p>\n<p>Em reuni\u00e3o com a sua equipe de governo, o prefeito justificou a medida como <em>\u201csaneadora e necess\u00e1ria para conten\u00e7\u00e3o de despesas com pessoal na tentativa de equilibrar as contas do munic\u00edpio&#8221;<\/em>.\u00a0A medida come\u00e7a a ser aplicada a partir deste m\u00eas de agosto e deve\u00a0vigorar pelo per\u00edodo de quatro meses.<\/p>\n<p>Al\u00e9m da redu\u00e7\u00e3o do pr\u00f3prio sal\u00e1rio e dos ocupantes de cargos de confian\u00e7a, Miller decidiu cortar tamb\u00e9m alguns benef\u00edcios dos servidores efetivos, como di\u00e1rias, horas extras, gratifica\u00e7\u00f5es e outros.<em> &#8220;N\u00e3o seria justo s\u00f3 os funcion\u00e1rios efetivos pagarem o pre\u00e7o da crise, mas para que fosse feito justi\u00e7a, o prefeito, vice-prefeito, secret\u00e1rios e demais comissionados contribu\u00edssem para o ajuste necess\u00e1rio neste momento\u201d<\/em>, disse o prefeito.\u00a0Ainda segundo o prefeito, se n\u00e3o houver uma recupera\u00e7\u00e3o da receita em quatro meses, a medida poder\u00e1 ser prorrogada.<\/p>\n<p><em>&#8220;Encaro essa decis\u00e3o com pesar, com tristeza. Infelizmente a necessidade obrigou a tomar essa medida. A gente teve uma redu\u00e7\u00e3o de receitas muito dr\u00e1sticas e com isso a folha foi l\u00e1 em cima, pra resolver isso tomamos essa medida, at\u00e9 as coisas melhorem. Espero que o seja um per\u00edodo tempor\u00e1rio e bem curto, para que a gente esteja revendo as coisas de maneira contr\u00e1ria\u201d<\/em>, disse o prefeito Miller Ferraz<\/p>\n<p>Apesar nos sal\u00e1rios e algumas vantagens, o gestor fala que a expectativa \u00e9 de que os servidores continuem empenhados em seus trabalhos.<\/p>\n<p><em><strong>Ascom<\/strong><\/em><\/p>\n","protected":false},"excerpt":{"rendered":"<p>Visando conter despesas e adequar as contas p\u00fablicas \u00e0s determina\u00e7\u00f5es da Lei de Responsabilidade Fiscal, o prefeito de Macarani, Miller Ferraz (PMDB), anunciou nesta segunda-feira (14) um corte de 18% nos seus pr\u00f3prios subs\u00eddios e do vice Niltinho, medida que atinge tamb\u00e9m os secret\u00e1rios e servidores comissionados do munic\u00edpio. Em reuni\u00e3o com a sua equipe [&hellip;]<\/p>\n","protected":false},"author":2,"featured_media":67009,"comment_status":"open","ping_status":"open","sticky":false,"template":"","format":"standard","meta":{"footnotes":"","_links_to":"","_links_to_target":""},"categories":[1],"tags":[],"class_list":["post-67007","post","type-post","status-publish","format-standard","has-post-thumbnail","hentry","category-geral"],"views":3802,"_links":{"self":[{"href":"https:\/\/www.sudoestehoje.com.br\/novoportal\/wp-json\/wp\/v2\/posts\/67007","targetHints":{"allow":["GET"]}}],"collection":[{"href":"https:\/\/www.sudoestehoje.com.br\/novoportal\/wp-json\/wp\/v2\/posts"}],"about":[{"href":"https:\/\/www.sudoestehoje.com.br\/novoportal\/wp-json\/wp\/v2\/types\/post"}],"author":[{"embeddable":true,"href":"https:\/\/www.sudoestehoje.com.br\/novoportal\/wp-json\/wp\/v2\/users\/2"}],"replies":[{"embeddable":true,"href":"https:\/\/www.sudoestehoje.com.br\/novoportal\/wp-json\/wp\/v2\/comments?post=67007"}],"version-history":[{"count":2,"href":"https:\/\/www.sudoestehoje.com.br\/novoportal\/wp-json\/wp\/v2\/posts\/67007\/revisions"}],"predecessor-version":[{"id":67010,"href":"https:\/\/www.sudoestehoje.com.br\/novoportal\/wp-json\/wp\/v2\/posts\/67007\/revisions\/67010"}],"wp:featuredmedia":[{"embeddable":true,"href":"https:\/\/www.sudoestehoje.com.br\/novoportal\/wp-json\/wp\/v2\/media\/67009"}],"wp:attachment":[{"href":"https:\/\/www.sudoestehoje.com.br\/novoportal\/wp-json\/wp\/v2\/media?parent=67007"}],"wp:term":[{"taxonomy":"category","embeddable":true,"href":"https:\/\/www.sudoestehoje.com.br\/novoportal\/wp-json\/wp\/v2\/categories?post=67007"},{"taxonomy":"post_tag","embeddable":true,"href":"https:\/\/www.sudoestehoje.com.br\/novoportal\/wp-json\/wp\/v2\/tags?post=67007"}],"curies":[{"name":"wp","href":"https:\/\/api.w.org\/{rel}","templated":true}]}}