
{"id":66991,"date":"2017-08-14T19:23:58","date_gmt":"2017-08-14T22:23:58","guid":{"rendered":"http:\/\/www.sudoestehoje.com.br\/novoportal\/?p=66991"},"modified":"2017-08-14T19:25:29","modified_gmt":"2017-08-14T22:25:29","slug":"avenida-isai-amorim-pede-socorro","status":"publish","type":"post","link":"https:\/\/www.sudoestehoje.com.br\/novoportal\/2017\/08\/14\/avenida-isai-amorim-pede-socorro\/","title":{"rendered":"AVENIDA ISAI AMORIM PEDE SOCORRO"},"content":{"rendered":"<p><a href=\"http:\/\/www.sudoestehoje.com.br\/novoportal\/wp-content\/uploads\/2017\/08\/I-1.jpg\"><img loading=\"lazy\" decoding=\"async\" class=\"aligncenter size-medium wp-image-66992\" src=\"http:\/\/www.sudoestehoje.com.br\/novoportal\/wp-content\/uploads\/2017\/08\/I-1-500x300.jpg\" alt=\"\" width=\"500\" height=\"300\" srcset=\"https:\/\/www.sudoestehoje.com.br\/novoportal\/wp-content\/uploads\/2017\/08\/I-1-500x300.jpg 500w, https:\/\/www.sudoestehoje.com.br\/novoportal\/wp-content\/uploads\/2017\/08\/I-1-768x461.jpg 768w, https:\/\/www.sudoestehoje.com.br\/novoportal\/wp-content\/uploads\/2017\/08\/I-1-700x420.jpg 700w, https:\/\/www.sudoestehoje.com.br\/novoportal\/wp-content\/uploads\/2017\/08\/I-1.jpg 960w\" sizes=\"auto, (max-width: 500px) 100vw, 500px\" \/><\/a><\/p>\n<p>A antiga estrada da Exposi\u00e7\u00e3o, um dos quatro acessos que ligam Itapetinga \u00e0 BA-263, j\u00e1 foi a entrada principal da cidade, mas em virtude da falta de conserva\u00e7\u00e3o vem sendo evitada pelos motoristas que se dirigem \u00e0 &#8216;Capital da Pecu\u00e1ria&#8217;.<\/p>\n<p>At\u00e9 1979, a rodovia passava por dentro da cidade, mas com a constru\u00e7\u00e3o da antiga BR-415 (atual BA-263), o trecho urbano da estrada foi desviado, e a antiga rodovia passou a servir apenas como acesso, desde o parque de Exposi\u00e7\u00f5es, Ponto Certo, at\u00e9 a Vila Isabel (Azal\u00e9ia).<\/p>\n<p><a href=\"http:\/\/www.sudoestehoje.com.br\/novoportal\/wp-content\/uploads\/2017\/08\/I-3.jpg\"><img loading=\"lazy\" decoding=\"async\" class=\"aligncenter size-medium wp-image-66994\" src=\"http:\/\/www.sudoestehoje.com.br\/novoportal\/wp-content\/uploads\/2017\/08\/I-3-500x300.jpg\" alt=\"\" width=\"500\" height=\"300\" srcset=\"https:\/\/www.sudoestehoje.com.br\/novoportal\/wp-content\/uploads\/2017\/08\/I-3-500x300.jpg 500w, https:\/\/www.sudoestehoje.com.br\/novoportal\/wp-content\/uploads\/2017\/08\/I-3-768x461.jpg 768w, https:\/\/www.sudoestehoje.com.br\/novoportal\/wp-content\/uploads\/2017\/08\/I-3-700x420.jpg 700w, https:\/\/www.sudoestehoje.com.br\/novoportal\/wp-content\/uploads\/2017\/08\/I-3.jpg 960w\" sizes=\"auto, (max-width: 500px) 100vw, 500px\" \/><\/a><\/p>\n<p>Apesar disto, a responsabilidade pela sua manuten\u00e7\u00e3o continuou sendo do Governo do Estado, atrav\u00e9s do DERBA, que costumava fazer tapa-buracos de ano em ano, sempre \u00e0s v\u00e9speras das exposi\u00e7\u00f5es agropecu\u00e1rias.<\/p>\n<p>RECAPEAMENTO URGENTE<\/p>\n<p>Na situa\u00e7\u00e3o em que a avenida se encontra, as opera\u00e7\u00f5es tapa-buracos n\u00e3o t\u00eam mais efic\u00e1cia, e somente um novo recapeamento asf\u00e1ltico sanar o problema.<\/p>\n<p><a href=\"http:\/\/www.sudoestehoje.com.br\/novoportal\/wp-content\/uploads\/2017\/08\/I-2.jpg\"><img loading=\"lazy\" decoding=\"async\" class=\"aligncenter size-medium wp-image-66993\" src=\"http:\/\/www.sudoestehoje.com.br\/novoportal\/wp-content\/uploads\/2017\/08\/I-2-500x300.jpg\" alt=\"\" width=\"500\" height=\"300\" srcset=\"https:\/\/www.sudoestehoje.com.br\/novoportal\/wp-content\/uploads\/2017\/08\/I-2-500x300.jpg 500w, https:\/\/www.sudoestehoje.com.br\/novoportal\/wp-content\/uploads\/2017\/08\/I-2-768x461.jpg 768w, https:\/\/www.sudoestehoje.com.br\/novoportal\/wp-content\/uploads\/2017\/08\/I-2-700x420.jpg 700w, https:\/\/www.sudoestehoje.com.br\/novoportal\/wp-content\/uploads\/2017\/08\/I-2.jpg 960w\" sizes=\"auto, (max-width: 500px) 100vw, 500px\" \/><\/a><\/p>\n<p>Por se tratar rodovia de responsabilidade do Estado, o envolvimento dos deputados \u00e9 imprescind\u00edvel, principalmente os da base do governo, que s\u00f3 aparecem nos per\u00edodos eleitorais, \u00e0 cata de votos. Os da oposi\u00e7\u00e3o tamb\u00e9m podem ajudar, cobrando provid\u00eancias ou destinando emendas parlamentares com esse objeto.<\/p>\n<p>Cabe ao munic\u00edpio disponibilizar um novo projeto para a importante avenida, incluindo drenagem, ilumina\u00e7\u00e3o, pavimenta\u00e7\u00e3o e sinaliza\u00e7\u00e3o. Sem projeto, a obra n\u00e3o sai.<\/p>\n<p>Vamos continuar cobrando.<\/p>\n<p><strong><em>Por Davi Ferraz<\/em><\/strong><\/p>\n","protected":false},"excerpt":{"rendered":"<p>A antiga estrada da Exposi\u00e7\u00e3o, um dos quatro acessos que ligam Itapetinga \u00e0 BA-263, j\u00e1 foi a entrada principal da cidade, mas em virtude da falta de conserva\u00e7\u00e3o vem sendo evitada pelos motoristas que se dirigem \u00e0 &#8216;Capital da Pecu\u00e1ria&#8217;. At\u00e9 1979, a rodovia passava por dentro da cidade, mas com a constru\u00e7\u00e3o da antiga [&hellip;]<\/p>\n","protected":false},"author":2,"featured_media":66992,"comment_status":"open","ping_status":"open","sticky":false,"template":"","format":"standard","meta":{"footnotes":"","_links_to":"","_links_to_target":""},"categories":[1],"tags":[],"class_list":["post-66991","post","type-post","status-publish","format-standard","has-post-thumbnail","hentry","category-geral"],"views":1414,"_links":{"self":[{"href":"https:\/\/www.sudoestehoje.com.br\/novoportal\/wp-json\/wp\/v2\/posts\/66991","targetHints":{"allow":["GET"]}}],"collection":[{"href":"https:\/\/www.sudoestehoje.com.br\/novoportal\/wp-json\/wp\/v2\/posts"}],"about":[{"href":"https:\/\/www.sudoestehoje.com.br\/novoportal\/wp-json\/wp\/v2\/types\/post"}],"author":[{"embeddable":true,"href":"https:\/\/www.sudoestehoje.com.br\/novoportal\/wp-json\/wp\/v2\/users\/2"}],"replies":[{"embeddable":true,"href":"https:\/\/www.sudoestehoje.com.br\/novoportal\/wp-json\/wp\/v2\/comments?post=66991"}],"version-history":[{"count":3,"href":"https:\/\/www.sudoestehoje.com.br\/novoportal\/wp-json\/wp\/v2\/posts\/66991\/revisions"}],"predecessor-version":[{"id":66997,"href":"https:\/\/www.sudoestehoje.com.br\/novoportal\/wp-json\/wp\/v2\/posts\/66991\/revisions\/66997"}],"wp:featuredmedia":[{"embeddable":true,"href":"https:\/\/www.sudoestehoje.com.br\/novoportal\/wp-json\/wp\/v2\/media\/66992"}],"wp:attachment":[{"href":"https:\/\/www.sudoestehoje.com.br\/novoportal\/wp-json\/wp\/v2\/media?parent=66991"}],"wp:term":[{"taxonomy":"category","embeddable":true,"href":"https:\/\/www.sudoestehoje.com.br\/novoportal\/wp-json\/wp\/v2\/categories?post=66991"},{"taxonomy":"post_tag","embeddable":true,"href":"https:\/\/www.sudoestehoje.com.br\/novoportal\/wp-json\/wp\/v2\/tags?post=66991"}],"curies":[{"name":"wp","href":"https:\/\/api.w.org\/{rel}","templated":true}]}}