
{"id":66984,"date":"2017-08-12T22:31:15","date_gmt":"2017-08-13T01:31:15","guid":{"rendered":"http:\/\/www.sudoestehoje.com.br\/novoportal\/?p=66984"},"modified":"2017-08-13T00:01:46","modified_gmt":"2017-08-13T03:01:46","slug":"tcm-apura-acumulo-ilegal-de-cargos-em-363-municipios-baianos","status":"publish","type":"post","link":"https:\/\/www.sudoestehoje.com.br\/novoportal\/2017\/08\/12\/tcm-apura-acumulo-ilegal-de-cargos-em-363-municipios-baianos\/","title":{"rendered":"TCM APURA AC\u00daMULO ILEGAL DE CARGOS EM 363 MUNIC\u00cdPIOS BAIANOS"},"content":{"rendered":"<p><a href=\"http:\/\/www.sudoestehoje.com.br\/novoportal\/wp-content\/uploads\/2017\/08\/TCM.jpg\"><img loading=\"lazy\" decoding=\"async\" class=\"size-full wp-image-66986 alignleft\" src=\"http:\/\/www.sudoestehoje.com.br\/novoportal\/wp-content\/uploads\/2017\/08\/TCM.jpg\" alt=\"\" width=\"222\" height=\"185\" \/><\/a><\/p>\n<p>Ap\u00f3s constatar ind\u00edcios de acumula\u00e7\u00e3o il\u00edcita de cargo, emprego ou fun\u00e7\u00e3o p\u00fablica e o excedimento do teto de remunera\u00e7\u00e3o por servidores em todos os munic\u00edpios baianos, o Tribunal de Contas dos Munic\u00edpios (TCM) decidiu apurar os casos.<\/p>\n<p>Conforme levantamento da Corte de Contas, h\u00e1 a necessidade de apura\u00e7\u00e3o sobre a situa\u00e7\u00e3o funcional de 30 mil servidores em 585 \u00f3rg\u00e3os da administra\u00e7\u00e3o p\u00fablica direta e indireta de 363 munic\u00edpios do estado.<\/p>\n<p>A partir de ontem,\u00a0\u00faltima sexta-feira (11), as prefeituras e c\u00e2maras municipais ter\u00e3o o prazo de 60 dias para que apurem os ind\u00edcios, adotem provid\u00eancias corretivas e informem ao TCM. A opera\u00e7\u00e3o ocorre ap\u00f3s a celebra\u00e7\u00e3o de um acordo de coopera\u00e7\u00e3o entre o Tribunal de Contas da Uni\u00e3o (TCU), a Associa\u00e7\u00e3o dos Membros dos Tribunais de Contas do Brasil (Atricon), o Instituto Rui Barbosa (IRB) e os demais tribunais de contas do Brasil.<\/p>\n<p>Na lista est\u00e3o os munic\u00edpios de<strong> Vit\u00f3ria da Conquista, Itapetinga, Itamb\u00e9, Itoror\u00f3, Itarantim, Maiquinique, Macarani, Ribeir\u00e3o do Largo<\/strong>, <b>Ibicu\u00ed, Igua\u00ed, Caatiba, <\/b>dentre outros.<\/p>\n<p>Confira a\u00a0<span style=\"color: #0000ff;\"><a style=\"color: #0000ff;\" href=\"http:\/\/www.tcm.ba.gov.br\/tcm-apura-acumulo-ilegal-de-cargos-em-municipios-baianos\/\" target=\"_blank\" rel=\"noopener noreferrer\"><strong>rela\u00e7\u00e3o completa<\/strong>\u00a0<\/a><\/span>de munic\u00edpios e \u00f3rg\u00e3os p\u00fablicos em que foram constatados ind\u00edcios de acumula\u00e7\u00e3o de cargos por servidores.<\/p>\n","protected":false},"excerpt":{"rendered":"<p>Ap\u00f3s constatar ind\u00edcios de acumula\u00e7\u00e3o il\u00edcita de cargo, emprego ou fun\u00e7\u00e3o p\u00fablica e o excedimento do teto de remunera\u00e7\u00e3o por servidores em todos os munic\u00edpios baianos, o Tribunal de Contas dos Munic\u00edpios (TCM) decidiu apurar os casos. Conforme levantamento da Corte de Contas, h\u00e1 a necessidade de apura\u00e7\u00e3o sobre a situa\u00e7\u00e3o funcional de 30 mil [&hellip;]<\/p>\n","protected":false},"author":2,"featured_media":66986,"comment_status":"open","ping_status":"open","sticky":false,"template":"","format":"standard","meta":{"footnotes":"","_links_to":"","_links_to_target":""},"categories":[1],"tags":[],"class_list":["post-66984","post","type-post","status-publish","format-standard","has-post-thumbnail","hentry","category-geral"],"views":1478,"_links":{"self":[{"href":"https:\/\/www.sudoestehoje.com.br\/novoportal\/wp-json\/wp\/v2\/posts\/66984","targetHints":{"allow":["GET"]}}],"collection":[{"href":"https:\/\/www.sudoestehoje.com.br\/novoportal\/wp-json\/wp\/v2\/posts"}],"about":[{"href":"https:\/\/www.sudoestehoje.com.br\/novoportal\/wp-json\/wp\/v2\/types\/post"}],"author":[{"embeddable":true,"href":"https:\/\/www.sudoestehoje.com.br\/novoportal\/wp-json\/wp\/v2\/users\/2"}],"replies":[{"embeddable":true,"href":"https:\/\/www.sudoestehoje.com.br\/novoportal\/wp-json\/wp\/v2\/comments?post=66984"}],"version-history":[{"count":2,"href":"https:\/\/www.sudoestehoje.com.br\/novoportal\/wp-json\/wp\/v2\/posts\/66984\/revisions"}],"predecessor-version":[{"id":66987,"href":"https:\/\/www.sudoestehoje.com.br\/novoportal\/wp-json\/wp\/v2\/posts\/66984\/revisions\/66987"}],"wp:featuredmedia":[{"embeddable":true,"href":"https:\/\/www.sudoestehoje.com.br\/novoportal\/wp-json\/wp\/v2\/media\/66986"}],"wp:attachment":[{"href":"https:\/\/www.sudoestehoje.com.br\/novoportal\/wp-json\/wp\/v2\/media?parent=66984"}],"wp:term":[{"taxonomy":"category","embeddable":true,"href":"https:\/\/www.sudoestehoje.com.br\/novoportal\/wp-json\/wp\/v2\/categories?post=66984"},{"taxonomy":"post_tag","embeddable":true,"href":"https:\/\/www.sudoestehoje.com.br\/novoportal\/wp-json\/wp\/v2\/tags?post=66984"}],"curies":[{"name":"wp","href":"https:\/\/api.w.org\/{rel}","templated":true}]}}