
{"id":66978,"date":"2017-08-12T21:13:40","date_gmt":"2017-08-13T00:13:40","guid":{"rendered":"http:\/\/www.sudoestehoje.com.br\/novoportal\/?p=66978"},"modified":"2017-08-12T21:13:40","modified_gmt":"2017-08-13T00:13:40","slug":"vitoria-perde-em-casa-para-o-avai-e-cai-para-a-vice-lanterna-do-brasileirao","status":"publish","type":"post","link":"https:\/\/www.sudoestehoje.com.br\/novoportal\/2017\/08\/12\/vitoria-perde-em-casa-para-o-avai-e-cai-para-a-vice-lanterna-do-brasileirao\/","title":{"rendered":"VIT\u00d3RIA PERDE EM CASA PARA O AVA\u00cd E CAI PARA A VICE LANTERNA DO BRASILEIR\u00c3O"},"content":{"rendered":"<p><a href=\"http:\/\/www.sudoestehoje.com.br\/novoportal\/wp-content\/uploads\/2017\/08\/VITORIA-0-X-1-AVA\u00cd.jpg\"><img loading=\"lazy\" decoding=\"async\" class=\"aligncenter size-medium wp-image-66979\" src=\"http:\/\/www.sudoestehoje.com.br\/novoportal\/wp-content\/uploads\/2017\/08\/VITORIA-0-X-1-AVA\u00cd-500x295.jpg\" alt=\"\" width=\"500\" height=\"295\" srcset=\"https:\/\/www.sudoestehoje.com.br\/novoportal\/wp-content\/uploads\/2017\/08\/VITORIA-0-X-1-AVA\u00cd-500x295.jpg 500w, https:\/\/www.sudoestehoje.com.br\/novoportal\/wp-content\/uploads\/2017\/08\/VITORIA-0-X-1-AVA\u00cd-700x412.jpg 700w, https:\/\/www.sudoestehoje.com.br\/novoportal\/wp-content\/uploads\/2017\/08\/VITORIA-0-X-1-AVA\u00cd.jpg 745w\" sizes=\"auto, (max-width: 500px) 100vw, 500px\" \/><\/a><\/p>\n<p>Na noite deste s\u00e1bado (12), v\u00e9spera do Dia dos Pais, o Vit\u00f3ria recebeu o Ava\u00ed no Barrad\u00e3o pela 20\u00aa rodada do Campeonato Brasileiro S\u00e9rie A. Precisando vencer, o rubro-negro at\u00e9 agrediu, mas terminou saindo derrotado. A equipe catarinense venceu por 1 a 0, gol de Junior Dutra.<\/p>\n<p>Aos 26 minutos do 1\u00ba tempo, ap\u00f3s sa\u00edda atabalhoada do goleiro Douglas Friedrich em David, o juiz assinalou p\u00eanalti. Ne\u00edlton enfeitou demais na cobran\u00e7a e mandou por cima do gol. O atacante ainda perdeu in\u00fameras chances ao longo da partida.<\/p>\n<p>O rubro-negro foi castigado aos 27 minutos do 2\u00ba tempo. Em jogada de contra-ataque, Willians Santana, ex-Vit\u00f3ria, achou o atacante Junior Dutra, que passou por Fernando Miguel e empurrou para a rede.<strong>\u00a0Vit\u00f3ria 0 x 1 Ava\u00ed<\/strong>.<\/p>\n<p>Com a derrota, o Vit\u00f3ria caiu para a 19\u00aa coloca\u00e7\u00e3o. O Ava\u00ed, por sua vez, com os tr\u00eas pontos conquistados, chegou aos 21 e agora est\u00e1 na 17\u00aa coloca\u00e7\u00e3o na competi\u00e7\u00e3o. No pr\u00f3ximo s\u00e1bado (19), o rubro-negro vai a S\u00e3o Paulo encarar o Corinthians, l\u00edder do Brasileir\u00e3o, \u00e0s 16h, em Itaquera.<\/p>\n","protected":false},"excerpt":{"rendered":"<p>Na noite deste s\u00e1bado (12), v\u00e9spera do Dia dos Pais, o Vit\u00f3ria recebeu o Ava\u00ed no Barrad\u00e3o pela 20\u00aa rodada do Campeonato Brasileiro S\u00e9rie A. Precisando vencer, o rubro-negro at\u00e9 agrediu, mas terminou saindo derrotado. A equipe catarinense venceu por 1 a 0, gol de Junior Dutra. Aos 26 minutos do 1\u00ba tempo, ap\u00f3s sa\u00edda [&hellip;]<\/p>\n","protected":false},"author":2,"featured_media":66979,"comment_status":"open","ping_status":"open","sticky":false,"template":"","format":"standard","meta":{"footnotes":"","_links_to":"","_links_to_target":""},"categories":[1],"tags":[],"class_list":["post-66978","post","type-post","status-publish","format-standard","has-post-thumbnail","hentry","category-geral"],"views":1547,"_links":{"self":[{"href":"https:\/\/www.sudoestehoje.com.br\/novoportal\/wp-json\/wp\/v2\/posts\/66978","targetHints":{"allow":["GET"]}}],"collection":[{"href":"https:\/\/www.sudoestehoje.com.br\/novoportal\/wp-json\/wp\/v2\/posts"}],"about":[{"href":"https:\/\/www.sudoestehoje.com.br\/novoportal\/wp-json\/wp\/v2\/types\/post"}],"author":[{"embeddable":true,"href":"https:\/\/www.sudoestehoje.com.br\/novoportal\/wp-json\/wp\/v2\/users\/2"}],"replies":[{"embeddable":true,"href":"https:\/\/www.sudoestehoje.com.br\/novoportal\/wp-json\/wp\/v2\/comments?post=66978"}],"version-history":[{"count":1,"href":"https:\/\/www.sudoestehoje.com.br\/novoportal\/wp-json\/wp\/v2\/posts\/66978\/revisions"}],"predecessor-version":[{"id":66980,"href":"https:\/\/www.sudoestehoje.com.br\/novoportal\/wp-json\/wp\/v2\/posts\/66978\/revisions\/66980"}],"wp:featuredmedia":[{"embeddable":true,"href":"https:\/\/www.sudoestehoje.com.br\/novoportal\/wp-json\/wp\/v2\/media\/66979"}],"wp:attachment":[{"href":"https:\/\/www.sudoestehoje.com.br\/novoportal\/wp-json\/wp\/v2\/media?parent=66978"}],"wp:term":[{"taxonomy":"category","embeddable":true,"href":"https:\/\/www.sudoestehoje.com.br\/novoportal\/wp-json\/wp\/v2\/categories?post=66978"},{"taxonomy":"post_tag","embeddable":true,"href":"https:\/\/www.sudoestehoje.com.br\/novoportal\/wp-json\/wp\/v2\/tags?post=66978"}],"curies":[{"name":"wp","href":"https:\/\/api.w.org\/{rel}","templated":true}]}}