
{"id":66960,"date":"2017-08-11T20:14:13","date_gmt":"2017-08-11T23:14:13","guid":{"rendered":"http:\/\/www.sudoestehoje.com.br\/novoportal\/?p=66960"},"modified":"2017-08-12T09:00:18","modified_gmt":"2017-08-12T12:00:18","slug":"eleicoes-fim-da-eleicao-proporcional-muda-radicalmente-o-quadro-eleitoral","status":"publish","type":"post","link":"https:\/\/www.sudoestehoje.com.br\/novoportal\/2017\/08\/11\/eleicoes-fim-da-eleicao-proporcional-muda-radicalmente-o-quadro-eleitoral\/","title":{"rendered":"VEREADORES &#8220;ELEITOS&#8221; EM ITAPETINGA CASO O DISTRIT\u00c3O ESTIVESSE EM VIGOR EM 2016"},"content":{"rendered":"<p><em><strong>Por Davi Ferraz<\/strong><\/em><\/p>\n<p><a href=\"http:\/\/www.sudoestehoje.com.br\/novoportal\/wp-content\/uploads\/2017\/08\/distrit\u00e3o.jpg\"><img loading=\"lazy\" decoding=\"async\" class=\"aligncenter size-full wp-image-66964\" src=\"http:\/\/www.sudoestehoje.com.br\/novoportal\/wp-content\/uploads\/2017\/08\/distrit\u00e3o.jpg\" alt=\"\" width=\"458\" height=\"275\" \/><\/a><\/p>\n<p>Aprovada pela Comiss\u00e3o Especial para Reforma Pol\u00edtica da C\u00e2mara dos Deputados, a PEC &#8211; 77\/03 acaba com o atual sistema de elei\u00e7\u00f5es proporcionais para deputados e vereadores, implantando o &#8216;Distrit\u00e3o&#8217;, onde os candidatos mais votados s\u00e3o eleitos, independente dos partidos a que perten\u00e7am.<\/p>\n<p>Caso seja aprovado pelo plen\u00e1rio da C\u00e2mara e confirmado pelo Senado, o novo sistema modificar\u00e1 radicalmente o quadro eleitoral, abolindo o chamado &#8216;voto de legenda&#8217;, que vez por outra elege parlamentares com pouqu\u00edssimos votos, em detrimento daqueles que obtiveram vota\u00e7\u00f5es expressivas mas que ficaram de fora.<\/p>\n<p>Para a compreens\u00e3o comum, o sistema de voto proporcional \u00e9 uma enorme injusti\u00e7a, mas para a sobreviv\u00eancia das pequenas legendas partid\u00e1rias, \u00e9 a &#8220;m\u00e3o na roda&#8221;. Para os opositores, a mudan\u00e7a agora \u00e9 casu\u00edstica e decreta o fim dos partidos &#8216;ideol\u00f3gicos&#8217; e o monop\u00f3lio das grandes legendas.<\/p>\n<p><strong><em>Veja quem teria sido eleito vereador em Itapetinga, em 2016, caso o &#8216;Distrit\u00e3o&#8217; estivesse em vigor (15 mais votados):<\/em><\/strong><\/p>\n<table>\n<tbody>\n<tr>\n<td><img decoding=\"async\" src=\"http:\/\/i0.wp.com\/eleicoesepolitica.com\/public_html\/divulgacandcontas.tse.jus.br\/divulga\/rest\/v1\/candidatura\/buscar\/foto\/2\/50000024635\/36293.jpg?2017-07\" width=\"40px\" align=\"left\" \/><a title=\"(ANDERSON ALVES CRUZ)\" href=\"http:\/\/eleicoesepolitica.com\/vereador2016\/vereador\/BA\/36293\/25555\"><b>ANDERSON DA NOVA<\/b><\/a>\u00a0[ELEITO]<\/td>\n<td>DEM<\/td>\n<td>1.827<\/td>\n<\/tr>\n<\/tbody>\n<\/table>\n<table>\n<tbody>\n<tr>\n<td><img decoding=\"async\" src=\"http:\/\/i0.wp.com\/eleicoesepolitica.com\/public_html\/divulgacandcontas.tse.jus.br\/divulga\/rest\/v1\/candidatura\/buscar\/foto\/2\/50000028145\/36293.jpg?2017-07\" width=\"40px\" align=\"left\" \/><a title=\"(JOAO DE DEUS DA SILVA FILHO)\" href=\"http:\/\/eleicoesepolitica.com\/vereador2016\/vereador\/BA\/36293\/15111\"><b>JO\u00c3O DE DEUS<\/b><\/a>\u00a0[ELEITO]<\/td>\n<td>PMDB<\/td>\n<td>1.420<\/td>\n<\/tr>\n<\/tbody>\n<\/table>\n<table>\n<tbody>\n<tr>\n<td><img decoding=\"async\" src=\"http:\/\/i0.wp.com\/eleicoesepolitica.com\/public_html\/divulgacandcontas.tse.jus.br\/divulga\/rest\/v1\/candidatura\/buscar\/foto\/2\/50000028155\/36293.jpg?2017-07\" width=\"40px\" align=\"left\" \/><a title=\"(ELIOMAR ALVES BARREIRA)\" href=\"http:\/\/eleicoesepolitica.com\/vereador2016\/vereador\/BA\/36293\/15000\"><b>TARUG\u00c3O<\/b><\/a>\u00a0[ELEITO]<\/td>\n<td>PMDB<\/td>\n<td>1.170<\/td>\n<\/tr>\n<\/tbody>\n<\/table>\n<table>\n<tbody>\n<tr>\n<td><img decoding=\"async\" src=\"http:\/\/i0.wp.com\/eleicoesepolitica.com\/public_html\/divulgacandcontas.tse.jus.br\/divulga\/rest\/v1\/candidatura\/buscar\/foto\/2\/50000024639\/36293.jpg?2017-07\" width=\"40px\" align=\"left\" \/><a title=\"(FABIANO SOUSA ALVES)\" href=\"http:\/\/eleicoesepolitica.com\/vereador2016\/vereador\/BA\/36293\/25123\"><b>FABIANO BAHIA<\/b><\/a>\u00a0[ELEITO }<\/td>\n<td>\u00a0DEM<\/td>\n<td>1.008<\/td>\n<\/tr>\n<\/tbody>\n<\/table>\n<table>\n<tbody>\n<tr>\n<td><img decoding=\"async\" src=\"http:\/\/i0.wp.com\/eleicoesepolitica.com\/public_html\/divulgacandcontas.tse.jus.br\/divulga\/rest\/v1\/candidatura\/buscar\/foto\/2\/50000035741\/36293.jpg?2017-07\" width=\"40px\" align=\"left\" \/><a title=\"(VALDEIR CHAGAS DO NASCIMENTO)\" href=\"http:\/\/eleicoesepolitica.com\/vereador2016\/vereador\/BA\/36293\/12444\"><b>VALDEIR<\/b><\/a>\u00a0[ELEITO]<\/td>\n<td>PDT<\/td>\n<td>841<\/td>\n<\/tr>\n<\/tbody>\n<\/table>\n<table>\n<tbody>\n<tr>\n<td><img decoding=\"async\" src=\"http:\/\/i0.wp.com\/eleicoesepolitica.com\/public_html\/divulgacandcontas.tse.jus.br\/divulga\/rest\/v1\/candidatura\/buscar\/foto\/2\/50000028148\/36293.jpg?2017-07\" width=\"40px\" align=\"left\" \/><a title=\"(JAIR SALOES MENDES)\" href=\"http:\/\/eleicoesepolitica.com\/vereador2016\/vereador\/BA\/36293\/15155\"><b>JAIR SALOES<\/b><\/a>\u00a0[ELEITO]<\/td>\n<td>PMDB<\/td>\n<td>821<\/td>\n<\/tr>\n<\/tbody>\n<\/table>\n<table>\n<tbody>\n<tr>\n<td><img decoding=\"async\" src=\"http:\/\/i0.wp.com\/eleicoesepolitica.com\/public_html\/divulgacandcontas.tse.jus.br\/divulga\/rest\/v1\/candidatura\/buscar\/foto\/2\/50000025191\/36293.jpg?2017-07\" width=\"40px\" align=\"left\" \/><a title=\"(DIEGO QUEIROZ RODRIGUES)\" href=\"http:\/\/eleicoesepolitica.com\/vereador2016\/vereador\/BA\/36293\/22333\"><b>DIGA DIGA<\/b><\/a>\u00a0[ELEITO]<\/td>\n<td>PR<\/td>\n<td>802<\/td>\n<\/tr>\n<\/tbody>\n<\/table>\n<table>\n<tbody>\n<tr>\n<td><img decoding=\"async\" src=\"http:\/\/i0.wp.com\/eleicoesepolitica.com\/public_html\/divulgacandcontas.tse.jus.br\/divulga\/rest\/v1\/candidatura\/buscar\/foto\/2\/50000025196\/36293.jpg?2017-07\" width=\"40px\" align=\"left\" \/><a title=\"(VALQUIRIO SANTOS LIMA)\" href=\"http:\/\/eleicoesepolitica.com\/vereador2016\/vereador\/BA\/36293\/22222\"><b>VALQURIO<\/b><\/a>\u00a0[ELEITO]<\/td>\n<td>PR<\/td>\n<td>763<\/td>\n<\/tr>\n<\/tbody>\n<\/table>\n<table>\n<tbody>\n<tr>\n<td><img decoding=\"async\" src=\"http:\/\/i0.wp.com\/eleicoesepolitica.com\/public_html\/divulgacandcontas.tse.jus.br\/divulga\/rest\/v1\/candidatura\/buscar\/foto\/2\/50000024253\/36293.jpg?2017-07\" width=\"40px\" align=\"left\" \/><a title=\"(RENAN COELHO DE ARAUJO)\" href=\"http:\/\/eleicoesepolitica.com\/vereador2016\/vereador\/BA\/36293\/65123\">RENAN COELHO <\/a>\u00a0[N\u00c3O ELEITO]<\/td>\n<td>PC do B<\/td>\n<td>716<\/td>\n<\/tr>\n<\/tbody>\n<\/table>\n<table>\n<tbody>\n<tr>\n<td><img decoding=\"async\" src=\"http:\/\/i0.wp.com\/eleicoesepolitica.com\/public_html\/divulgacandcontas.tse.jus.br\/divulga\/rest\/v1\/candidatura\/buscar\/foto\/2\/50000024646\/36293.jpg?2017-07\" width=\"40px\" align=\"left\" \/><b><a title=\"(NAARA LIMA DUARTE)\" href=\"http:\/\/eleicoesepolitica.com\/vereador2016\/vereador\/BA\/36293\/25611\">NAARA DUARTE<\/a>\u00a0<\/b>[ELEITO]<\/td>\n<td>DEM<\/td>\n<td>689<\/td>\n<\/tr>\n<\/tbody>\n<\/table>\n<table>\n<tbody>\n<tr>\n<td><img decoding=\"async\" src=\"http:\/\/i0.wp.com\/eleicoesepolitica.com\/public_html\/divulgacandcontas.tse.jus.br\/divulga\/rest\/v1\/candidatura\/buscar\/foto\/2\/50000023777\/36293.jpg?2017-07\" width=\"40px\" align=\"left\" \/><b><a title=\"(MARCIO CARVALHO DE OLIVEIRA)\" href=\"http:\/\/eleicoesepolitica.com\/vereador2016\/vereador\/BA\/36293\/20123\">MARCIO PIU<\/a>\u00a0<\/b>[ELEITO]<\/td>\n<td>PSC\/20123<\/td>\n<td>682<\/td>\n<\/tr>\n<\/tbody>\n<\/table>\n<table>\n<tbody>\n<tr>\n<td><img decoding=\"async\" src=\"http:\/\/i0.wp.com\/eleicoesepolitica.com\/public_html\/divulgacandcontas.tse.jus.br\/divulga\/rest\/v1\/candidatura\/buscar\/foto\/2\/50000035743\/36293.jpg?2017-07\" width=\"40px\" align=\"left\" \/><a title=\"(JOSE ROBERTO MENEZES)\" href=\"http:\/\/eleicoesepolitica.com\/vereador2016\/vereador\/BA\/36293\/12555\">JOSE ROBERTO<\/a>\u00a0[SUPLENTE]<\/td>\n<td>PDT<\/td>\n<td>681<\/td>\n<\/tr>\n<\/tbody>\n<\/table>\n<table>\n<tbody>\n<tr>\n<td><img decoding=\"async\" src=\"http:\/\/i0.wp.com\/eleicoesepolitica.com\/public_html\/divulgacandcontas.tse.jus.br\/divulga\/rest\/v1\/candidatura\/buscar\/foto\/2\/50000028158\/36293.jpg?2017-07\" width=\"40px\" align=\"left\" \/><a title=\"(CARLOS JOSE DOS SANTOS)\" href=\"http:\/\/eleicoesepolitica.com\/vereador2016\/vereador\/BA\/36293\/15555\">CARLOS JOSE <\/a>\u00a0[SUPLENTE]<\/td>\n<td>PMDB<\/td>\n<td>675<\/td>\n<\/tr>\n<\/tbody>\n<\/table>\n<table>\n<tbody>\n<tr>\n<td><img decoding=\"async\" src=\"http:\/\/i0.wp.com\/eleicoesepolitica.com\/public_html\/divulgacandcontas.tse.jus.br\/divulga\/rest\/v1\/candidatura\/buscar\/foto\/2\/50000030166\/36293.jpg?2017-07\" width=\"40px\" align=\"left\" \/><a title=\"(SIDINEI SILVA MENDES)\" href=\"http:\/\/eleicoesepolitica.com\/vereador2016\/vereador\/BA\/36293\/13333\">SIDINEI MENDES<\/a>\u00a0[N\u00c3O ELEITO]<\/td>\n<td>PT<\/td>\n<td>658<\/td>\n<\/tr>\n<\/tbody>\n<\/table>\n<table>\n<tbody>\n<tr>\n<td><img decoding=\"async\" src=\"http:\/\/i0.wp.com\/eleicoesepolitica.com\/public_html\/divulgacandcontas.tse.jus.br\/divulga\/rest\/v1\/candidatura\/buscar\/foto\/2\/50000035745\/36293.jpg?2017-07\" width=\"40px\" align=\"left\" \/><a title=\"(NIDIA OLIVEIRA DOS SANTOS)\" href=\"http:\/\/eleicoesepolitica.com\/vereador2016\/vereador\/BA\/36293\/12000\">NIDIA OLIVEIRA <\/a>\u00a0[SUPLENTE]<\/td>\n<td>PDT<\/td>\n<td>621<\/td>\n<\/tr>\n<\/tbody>\n<\/table>\n","protected":false},"excerpt":{"rendered":"<p>Por Davi Ferraz Aprovada pela Comiss\u00e3o Especial para Reforma Pol\u00edtica da C\u00e2mara dos Deputados, a PEC &#8211; 77\/03 acaba com o atual sistema de elei\u00e7\u00f5es proporcionais para deputados e vereadores, implantando o &#8216;Distrit\u00e3o&#8217;, onde os candidatos mais votados s\u00e3o eleitos, independente dos partidos a que perten\u00e7am. Caso seja aprovado pelo plen\u00e1rio da C\u00e2mara e confirmado [&hellip;]<\/p>\n","protected":false},"author":2,"featured_media":66964,"comment_status":"open","ping_status":"open","sticky":false,"template":"","format":"standard","meta":{"footnotes":"","_links_to":"","_links_to_target":""},"categories":[1],"tags":[],"class_list":["post-66960","post","type-post","status-publish","format-standard","has-post-thumbnail","hentry","category-geral"],"views":1644,"_links":{"self":[{"href":"https:\/\/www.sudoestehoje.com.br\/novoportal\/wp-json\/wp\/v2\/posts\/66960","targetHints":{"allow":["GET"]}}],"collection":[{"href":"https:\/\/www.sudoestehoje.com.br\/novoportal\/wp-json\/wp\/v2\/posts"}],"about":[{"href":"https:\/\/www.sudoestehoje.com.br\/novoportal\/wp-json\/wp\/v2\/types\/post"}],"author":[{"embeddable":true,"href":"https:\/\/www.sudoestehoje.com.br\/novoportal\/wp-json\/wp\/v2\/users\/2"}],"replies":[{"embeddable":true,"href":"https:\/\/www.sudoestehoje.com.br\/novoportal\/wp-json\/wp\/v2\/comments?post=66960"}],"version-history":[{"count":10,"href":"https:\/\/www.sudoestehoje.com.br\/novoportal\/wp-json\/wp\/v2\/posts\/66960\/revisions"}],"predecessor-version":[{"id":66974,"href":"https:\/\/www.sudoestehoje.com.br\/novoportal\/wp-json\/wp\/v2\/posts\/66960\/revisions\/66974"}],"wp:featuredmedia":[{"embeddable":true,"href":"https:\/\/www.sudoestehoje.com.br\/novoportal\/wp-json\/wp\/v2\/media\/66964"}],"wp:attachment":[{"href":"https:\/\/www.sudoestehoje.com.br\/novoportal\/wp-json\/wp\/v2\/media?parent=66960"}],"wp:term":[{"taxonomy":"category","embeddable":true,"href":"https:\/\/www.sudoestehoje.com.br\/novoportal\/wp-json\/wp\/v2\/categories?post=66960"},{"taxonomy":"post_tag","embeddable":true,"href":"https:\/\/www.sudoestehoje.com.br\/novoportal\/wp-json\/wp\/v2\/tags?post=66960"}],"curies":[{"name":"wp","href":"https:\/\/api.w.org\/{rel}","templated":true}]}}