
{"id":66957,"date":"2017-08-11T18:42:28","date_gmt":"2017-08-11T21:42:28","guid":{"rendered":"http:\/\/www.sudoestehoje.com.br\/novoportal\/?p=66957"},"modified":"2017-08-11T18:42:28","modified_gmt":"2017-08-11T21:42:28","slug":"conquista-acm-neto-recebe-titulo-de-cidadao-conquistense-nesta-sexta","status":"publish","type":"post","link":"https:\/\/www.sudoestehoje.com.br\/novoportal\/2017\/08\/11\/conquista-acm-neto-recebe-titulo-de-cidadao-conquistense-nesta-sexta\/","title":{"rendered":"CONQUISTA: ACM NETO RECEBE T\u00cdTULO DE CIDAD\u00c3O CONQUISTENSE NESTA SEXTA"},"content":{"rendered":"<p><a href=\"http:\/\/www.sudoestehoje.com.br\/novoportal\/wp-content\/uploads\/2017\/08\/NETO-EM-CONQUISTA.jpg\"><img loading=\"lazy\" decoding=\"async\" class=\"aligncenter size-medium wp-image-66958\" src=\"http:\/\/www.sudoestehoje.com.br\/novoportal\/wp-content\/uploads\/2017\/08\/NETO-EM-CONQUISTA-500x308.jpg\" alt=\"\" width=\"500\" height=\"308\" srcset=\"https:\/\/www.sudoestehoje.com.br\/novoportal\/wp-content\/uploads\/2017\/08\/NETO-EM-CONQUISTA-500x308.jpg 500w, https:\/\/www.sudoestehoje.com.br\/novoportal\/wp-content\/uploads\/2017\/08\/NETO-EM-CONQUISTA.jpg 528w\" sizes=\"auto, (max-width: 500px) 100vw, 500px\" \/><\/a><\/p>\n<p>O prefeito de Salvador, ACM Neto (DEM) estar\u00e1 nesta sexta-feira (11) em Vit\u00f3ria da Conquista, na regi\u00e3o Sudoeste da Bahia, para receber o T\u00edtulo de Cidad\u00e3o Conquistense. A homenagem, resultado de uma iniciativa do vereador \u00c1lvaro Pithon (DEM), est\u00e1 marcada para as 19h na C\u00e2mara Municipal.<\/p>\n<p>&#8220;Vit\u00f3ria da Conquista \u00e9 uma capital regional pr\u00f3spera, que sempre tratei com muita aten\u00e7\u00e3o e carinho durante os meus mandatos como deputado federal. Fico muito honrado com esta homenagem e por me tornar Cidad\u00e3o Conquistense no dia de hoje&#8221;, afirmou ACM Neto.<\/p>\n","protected":false},"excerpt":{"rendered":"<p>O prefeito de Salvador, ACM Neto (DEM) estar\u00e1 nesta sexta-feira (11) em Vit\u00f3ria da Conquista, na regi\u00e3o Sudoeste da Bahia, para receber o T\u00edtulo de Cidad\u00e3o Conquistense. A homenagem, resultado de uma iniciativa do vereador \u00c1lvaro Pithon (DEM), est\u00e1 marcada para as 19h na C\u00e2mara Municipal. &#8220;Vit\u00f3ria da Conquista \u00e9 uma capital regional pr\u00f3spera, que [&hellip;]<\/p>\n","protected":false},"author":2,"featured_media":66958,"comment_status":"open","ping_status":"open","sticky":false,"template":"","format":"standard","meta":{"footnotes":"","_links_to":"","_links_to_target":""},"categories":[1],"tags":[],"class_list":["post-66957","post","type-post","status-publish","format-standard","has-post-thumbnail","hentry","category-geral"],"views":1197,"_links":{"self":[{"href":"https:\/\/www.sudoestehoje.com.br\/novoportal\/wp-json\/wp\/v2\/posts\/66957","targetHints":{"allow":["GET"]}}],"collection":[{"href":"https:\/\/www.sudoestehoje.com.br\/novoportal\/wp-json\/wp\/v2\/posts"}],"about":[{"href":"https:\/\/www.sudoestehoje.com.br\/novoportal\/wp-json\/wp\/v2\/types\/post"}],"author":[{"embeddable":true,"href":"https:\/\/www.sudoestehoje.com.br\/novoportal\/wp-json\/wp\/v2\/users\/2"}],"replies":[{"embeddable":true,"href":"https:\/\/www.sudoestehoje.com.br\/novoportal\/wp-json\/wp\/v2\/comments?post=66957"}],"version-history":[{"count":1,"href":"https:\/\/www.sudoestehoje.com.br\/novoportal\/wp-json\/wp\/v2\/posts\/66957\/revisions"}],"predecessor-version":[{"id":66959,"href":"https:\/\/www.sudoestehoje.com.br\/novoportal\/wp-json\/wp\/v2\/posts\/66957\/revisions\/66959"}],"wp:featuredmedia":[{"embeddable":true,"href":"https:\/\/www.sudoestehoje.com.br\/novoportal\/wp-json\/wp\/v2\/media\/66958"}],"wp:attachment":[{"href":"https:\/\/www.sudoestehoje.com.br\/novoportal\/wp-json\/wp\/v2\/media?parent=66957"}],"wp:term":[{"taxonomy":"category","embeddable":true,"href":"https:\/\/www.sudoestehoje.com.br\/novoportal\/wp-json\/wp\/v2\/categories?post=66957"},{"taxonomy":"post_tag","embeddable":true,"href":"https:\/\/www.sudoestehoje.com.br\/novoportal\/wp-json\/wp\/v2\/tags?post=66957"}],"curies":[{"name":"wp","href":"https:\/\/api.w.org\/{rel}","templated":true}]}}