
{"id":66950,"date":"2017-08-10T19:48:08","date_gmt":"2017-08-10T22:48:08","guid":{"rendered":"http:\/\/www.sudoestehoje.com.br\/novoportal\/?p=66950"},"modified":"2017-08-10T19:48:08","modified_gmt":"2017-08-10T22:48:08","slug":"itambe-comemora-neste-sabado-90-anos-de-emancipacao-politica","status":"publish","type":"post","link":"https:\/\/www.sudoestehoje.com.br\/novoportal\/2017\/08\/10\/itambe-comemora-neste-sabado-90-anos-de-emancipacao-politica\/","title":{"rendered":"ITAMB\u00c9 COMEMORA NESTE S\u00c1BADO 90 ANOS DE EMANCIPA\u00c7\u00c3O POL\u00cdTICA"},"content":{"rendered":"<p class=\"yiv5967122750MsoNormal\"><a href=\"http:\/\/www.sudoestehoje.com.br\/novoportal\/wp-content\/uploads\/2017\/08\/Itamb\u00e9.jpeg\"><img loading=\"lazy\" decoding=\"async\" class=\"aligncenter size-medium wp-image-66951\" src=\"http:\/\/www.sudoestehoje.com.br\/novoportal\/wp-content\/uploads\/2017\/08\/Itamb\u00e9-500x264.jpeg\" alt=\"\" width=\"500\" height=\"264\" srcset=\"https:\/\/www.sudoestehoje.com.br\/novoportal\/wp-content\/uploads\/2017\/08\/Itamb\u00e9-500x264.jpeg 500w, https:\/\/www.sudoestehoje.com.br\/novoportal\/wp-content\/uploads\/2017\/08\/Itamb\u00e9-768x406.jpeg 768w, https:\/\/www.sudoestehoje.com.br\/novoportal\/wp-content\/uploads\/2017\/08\/Itamb\u00e9-700x370.jpeg 700w, https:\/\/www.sudoestehoje.com.br\/novoportal\/wp-content\/uploads\/2017\/08\/Itamb\u00e9.jpeg 1280w\" sizes=\"auto, (max-width: 500px) 100vw, 500px\" \/><\/a><\/p>\n<p id=\"yui_3_16_0_ym19_1_1502403702957_7387\" class=\"yiv5967122750MsoNormal\"><span id=\"yui_3_16_0_ym19_1_1502403702957_7386\">No pr\u00f3ximo s\u00e1bado, 12 de agosto, o munic\u00edpio de Itamb\u00e9 vai completar o seu 90\u00ba anivers\u00e1rio de emancipa\u00e7\u00e3o pol\u00edtica. Para celebrar a data, a prefeitura estar\u00e1 realizando, entre os dias 10 e 13 de agosto, uma ampla programa\u00e7\u00e3o comemorativa que inclui a\u00e7\u00f5es esportivas, c\u00edvicas, religiosas e v\u00e1rias inaugura\u00e7\u00f5es.<\/span><\/p>\n<p id=\"yui_3_16_0_ym19_1_1502403702957_7375\" class=\"yiv5967122750MsoNormal\"><span id=\"yui_3_16_0_ym19_1_1502403702957_7374\">As atividades foram iniciadas na manh\u00e3 desta quinta-feira (10), com Os Jogos Estudantis, organizados pela Secretaria Municipal de Educa\u00e7\u00e3o. O evento segue at\u00e9 o pr\u00f3ximo s\u00e1bado (12) e tamb\u00e9m tem como objetivo comemorar o Dia do Estudante.<\/span><\/p>\n<p id=\"yui_3_16_0_ym19_1_1502403702957_5714\" class=\"yiv5967122750MsoNormal\">\n<p id=\"yui_3_16_0_ym19_1_1502403702957_5702\" class=\"yiv5967122750MsoNormal\"><span id=\"yui_3_16_0_ym19_1_1502403702957_5701\">De acordo com o prefeito Eduardo Gama, a programa\u00e7\u00e3o est\u00e1 sendo organizada com muito carinho para festejar o Anivers\u00e1rio da Cidade e tamb\u00e9m para entregar \u00e0 comunidade obras em prol da melhoria dos servi\u00e7os municipais.<\/span><\/p>\n<p id=\"yui_3_16_0_ym19_1_1502403702957_5706\" class=\"yiv5967122750MsoNormal\"><span id=\"yui_3_16_0_ym19_1_1502403702957_5705\">\u201cEmbora as dificuldades n\u00e3o tenham nos permitido fazer uma grande festa como planej\u00e1vamos, estamos felizes com a nossa programa\u00e7\u00e3o. Temos certeza que a gest\u00e3o municipal direcionou os recursos p\u00fablicos para o que realmente vai fazer diferen\u00e7a na vida das pessoas\u201d, ressaltou o prefeito, completando: \u201cQuero parabenizar o nosso Munic\u00edpio pelos seus 90 anos e saudar todos os moradores, porque realmente n\u00e3o eles que, com seu o trabalho e a sua dedica\u00e7\u00e3o, constroem dia a dia a hist\u00f3ria do nosso munic\u00edpio\u201d.<\/span><\/p>\n","protected":false},"excerpt":{"rendered":"<p>No pr\u00f3ximo s\u00e1bado, 12 de agosto, o munic\u00edpio de Itamb\u00e9 vai completar o seu 90\u00ba anivers\u00e1rio de emancipa\u00e7\u00e3o pol\u00edtica. Para celebrar a data, a prefeitura estar\u00e1 realizando, entre os dias 10 e 13 de agosto, uma ampla programa\u00e7\u00e3o comemorativa que inclui a\u00e7\u00f5es esportivas, c\u00edvicas, religiosas e v\u00e1rias inaugura\u00e7\u00f5es. As atividades foram iniciadas na manh\u00e3 desta [&hellip;]<\/p>\n","protected":false},"author":2,"featured_media":66951,"comment_status":"open","ping_status":"open","sticky":false,"template":"","format":"standard","meta":{"footnotes":"","_links_to":"","_links_to_target":""},"categories":[1],"tags":[],"class_list":["post-66950","post","type-post","status-publish","format-standard","has-post-thumbnail","hentry","category-geral"],"views":1706,"_links":{"self":[{"href":"https:\/\/www.sudoestehoje.com.br\/novoportal\/wp-json\/wp\/v2\/posts\/66950","targetHints":{"allow":["GET"]}}],"collection":[{"href":"https:\/\/www.sudoestehoje.com.br\/novoportal\/wp-json\/wp\/v2\/posts"}],"about":[{"href":"https:\/\/www.sudoestehoje.com.br\/novoportal\/wp-json\/wp\/v2\/types\/post"}],"author":[{"embeddable":true,"href":"https:\/\/www.sudoestehoje.com.br\/novoportal\/wp-json\/wp\/v2\/users\/2"}],"replies":[{"embeddable":true,"href":"https:\/\/www.sudoestehoje.com.br\/novoportal\/wp-json\/wp\/v2\/comments?post=66950"}],"version-history":[{"count":2,"href":"https:\/\/www.sudoestehoje.com.br\/novoportal\/wp-json\/wp\/v2\/posts\/66950\/revisions"}],"predecessor-version":[{"id":66953,"href":"https:\/\/www.sudoestehoje.com.br\/novoportal\/wp-json\/wp\/v2\/posts\/66950\/revisions\/66953"}],"wp:featuredmedia":[{"embeddable":true,"href":"https:\/\/www.sudoestehoje.com.br\/novoportal\/wp-json\/wp\/v2\/media\/66951"}],"wp:attachment":[{"href":"https:\/\/www.sudoestehoje.com.br\/novoportal\/wp-json\/wp\/v2\/media?parent=66950"}],"wp:term":[{"taxonomy":"category","embeddable":true,"href":"https:\/\/www.sudoestehoje.com.br\/novoportal\/wp-json\/wp\/v2\/categories?post=66950"},{"taxonomy":"post_tag","embeddable":true,"href":"https:\/\/www.sudoestehoje.com.br\/novoportal\/wp-json\/wp\/v2\/tags?post=66950"}],"curies":[{"name":"wp","href":"https:\/\/api.w.org\/{rel}","templated":true}]}}