
{"id":66945,"date":"2017-08-10T10:15:05","date_gmt":"2017-08-10T13:15:05","guid":{"rendered":"http:\/\/www.sudoestehoje.com.br\/novoportal\/?p=66945"},"modified":"2017-08-10T21:56:10","modified_gmt":"2017-08-11T00:56:10","slug":"camara-acaba-com-eleicao-proporcional-deputados-mais-votados-serao-eleitos","status":"publish","type":"post","link":"https:\/\/www.sudoestehoje.com.br\/novoportal\/2017\/08\/10\/camara-acaba-com-eleicao-proporcional-deputados-mais-votados-serao-eleitos\/","title":{"rendered":"C\u00c2MARA ACABA COM ELEI\u00c7\u00c3O PROPORCIONAL; MAIS VOTADOS SER\u00c3O ELEITOS"},"content":{"rendered":"<p><a href=\"http:\/\/www.sudoestehoje.com.br\/novoportal\/wp-content\/uploads\/2017\/08\/DISTRIT\u00c3O.jpg\"><img loading=\"lazy\" decoding=\"async\" class=\"aligncenter size-medium wp-image-66946\" src=\"http:\/\/www.sudoestehoje.com.br\/novoportal\/wp-content\/uploads\/2017\/08\/DISTRIT\u00c3O-500x300.jpg\" alt=\"\" width=\"500\" height=\"300\" srcset=\"https:\/\/www.sudoestehoje.com.br\/novoportal\/wp-content\/uploads\/2017\/08\/DISTRIT\u00c3O-500x300.jpg 500w, https:\/\/www.sudoestehoje.com.br\/novoportal\/wp-content\/uploads\/2017\/08\/DISTRIT\u00c3O.jpg 699w\" sizes=\"auto, (max-width: 500px) 100vw, 500px\" \/><\/a><\/p>\n<p>A comiss\u00e3o especial da C\u00e2mara que analisa a reforma pol\u00edtica aprovou na madrugada de hoje (10) um destaque que modificou o texto-base aprovado na noite de ontem (9) da Proposta de Emenda \u00e0 Constitui\u00e7\u00e3o (PEC) 77\/03 e alterou o sistema eleitoral para as elei\u00e7\u00f5es de 2018 e 2020, que passar\u00e1 a ser feita pelo chamado distrit\u00e3o.<\/p>\n<p>Por esse sistema, ser\u00e3o eleitos os candidatos mais votados para o Legislativo (deputados e vereadores), sem levar em conta os votos recebidos pelo conjunto dos candidatos do partido, como \u00e9 o sistema proporcional adotado atualmente.<\/p>\n<p>A mudan\u00e7a foi aprovada por 17 votos a 15, em destaque do PMDB, com apoio das bancadas do DEM, do PSDB, do PSD e do PP e o &#8216;distrit\u00e3o&#8217; seria um modelo de transi\u00e7\u00e3o ao distrital misto, que valeria a partir de 2022, mantendo a necessidade de regulamenta\u00e7\u00e3o pelo Congresso.<\/p>\n<p>\u201cN\u00f3s precisamos de um tempo para montar a distribui\u00e7\u00e3o dos distritos no Brasil. E o \u2018distrit\u00e3o\u2019 caminha para esse novo sistema, quebrando com o sistema proporcional que gerou um desgaste enorme at\u00e9 hoje\u201d, disse o deputado Celso Pansera (PMDB-RJ).<\/p>\n<p>O deputado Marcus Pestana (PSDB-MG) considera a mudan\u00e7a de modelo na vota\u00e7\u00e3o para o Legislativo essencial. \u201cO modelo atual est\u00e1 esgotado. N\u00e3o d\u00e1 para fingir que est\u00e1 tudo bem e continuar com o sistema atual, vamos de \u2018distrit\u00e3o\u2019 na transi\u00e7\u00e3o para um sistema misto mais elaborado e transparente a partir de 2022\u201d, disse.<\/p>\n","protected":false},"excerpt":{"rendered":"<p>A comiss\u00e3o especial da C\u00e2mara que analisa a reforma pol\u00edtica aprovou na madrugada de hoje (10) um destaque que modificou o texto-base aprovado na noite de ontem (9) da Proposta de Emenda \u00e0 Constitui\u00e7\u00e3o (PEC) 77\/03 e alterou o sistema eleitoral para as elei\u00e7\u00f5es de 2018 e 2020, que passar\u00e1 a ser feita pelo chamado [&hellip;]<\/p>\n","protected":false},"author":2,"featured_media":66946,"comment_status":"open","ping_status":"open","sticky":false,"template":"","format":"standard","meta":{"footnotes":"","_links_to":"","_links_to_target":""},"categories":[1],"tags":[],"class_list":["post-66945","post","type-post","status-publish","format-standard","has-post-thumbnail","hentry","category-geral"],"views":1216,"_links":{"self":[{"href":"https:\/\/www.sudoestehoje.com.br\/novoportal\/wp-json\/wp\/v2\/posts\/66945","targetHints":{"allow":["GET"]}}],"collection":[{"href":"https:\/\/www.sudoestehoje.com.br\/novoportal\/wp-json\/wp\/v2\/posts"}],"about":[{"href":"https:\/\/www.sudoestehoje.com.br\/novoportal\/wp-json\/wp\/v2\/types\/post"}],"author":[{"embeddable":true,"href":"https:\/\/www.sudoestehoje.com.br\/novoportal\/wp-json\/wp\/v2\/users\/2"}],"replies":[{"embeddable":true,"href":"https:\/\/www.sudoestehoje.com.br\/novoportal\/wp-json\/wp\/v2\/comments?post=66945"}],"version-history":[{"count":5,"href":"https:\/\/www.sudoestehoje.com.br\/novoportal\/wp-json\/wp\/v2\/posts\/66945\/revisions"}],"predecessor-version":[{"id":66956,"href":"https:\/\/www.sudoestehoje.com.br\/novoportal\/wp-json\/wp\/v2\/posts\/66945\/revisions\/66956"}],"wp:featuredmedia":[{"embeddable":true,"href":"https:\/\/www.sudoestehoje.com.br\/novoportal\/wp-json\/wp\/v2\/media\/66946"}],"wp:attachment":[{"href":"https:\/\/www.sudoestehoje.com.br\/novoportal\/wp-json\/wp\/v2\/media?parent=66945"}],"wp:term":[{"taxonomy":"category","embeddable":true,"href":"https:\/\/www.sudoestehoje.com.br\/novoportal\/wp-json\/wp\/v2\/categories?post=66945"},{"taxonomy":"post_tag","embeddable":true,"href":"https:\/\/www.sudoestehoje.com.br\/novoportal\/wp-json\/wp\/v2\/tags?post=66945"}],"curies":[{"name":"wp","href":"https:\/\/api.w.org\/{rel}","templated":true}]}}