
{"id":66891,"date":"2017-08-07T22:17:12","date_gmt":"2017-08-08T01:17:12","guid":{"rendered":"http:\/\/www.sudoestehoje.com.br\/novoportal\/?p=66891"},"modified":"2017-08-08T09:05:22","modified_gmt":"2017-08-08T12:05:22","slug":"itapetinga-faixas-de-pedestres-apagadas-dificultam-transito-no-centro-da-cidade","status":"publish","type":"post","link":"https:\/\/www.sudoestehoje.com.br\/novoportal\/2017\/08\/07\/itapetinga-faixas-de-pedestres-apagadas-dificultam-transito-no-centro-da-cidade\/","title":{"rendered":"ITAPETINGA: FAIXAS DE PEDESTRES APAGADAS DIFICULTAM TR\u00c2NSITO NO CENTRO DA CIDADE"},"content":{"rendered":"<p><a href=\"http:\/\/www.sudoestehoje.com.br\/novoportal\/wp-content\/uploads\/2017\/08\/faixa-pedestre.jpg\"><img loading=\"lazy\" decoding=\"async\" class=\"aligncenter size-medium wp-image-66893\" src=\"http:\/\/www.sudoestehoje.com.br\/novoportal\/wp-content\/uploads\/2017\/08\/faixa-pedestre-500x281.jpg\" alt=\"\" width=\"500\" height=\"281\" srcset=\"https:\/\/www.sudoestehoje.com.br\/novoportal\/wp-content\/uploads\/2017\/08\/faixa-pedestre-500x281.jpg 500w, https:\/\/www.sudoestehoje.com.br\/novoportal\/wp-content\/uploads\/2017\/08\/faixa-pedestre-768x432.jpg 768w, https:\/\/www.sudoestehoje.com.br\/novoportal\/wp-content\/uploads\/2017\/08\/faixa-pedestre-700x394.jpg 700w, https:\/\/www.sudoestehoje.com.br\/novoportal\/wp-content\/uploads\/2017\/08\/faixa-pedestre.jpg 1920w\" sizes=\"auto, (max-width: 500px) 100vw, 500px\" \/><\/a><\/p>\n<p>Uma das cr\u00edticas mais recorrentes sobre a atual gest\u00e3o municipal \u00e9 a defici\u00eancia na sinaliza\u00e7\u00e3o de tr\u00e2nsito, que vem causando dificuldades para quem circula pelas ruas mais movimentadas da cidade.<\/p>\n<p>Com faixas quase que totalmente apagadas, os pedestres ficam confusos ao atravessarem as ruas, vez que os motoristas nem sempre respeitam a prioridade do cidad\u00e3o, alegando que n\u00e3o existem mais faixas.<\/p>\n<p><a href=\"http:\/\/www.sudoestehoje.com.br\/novoportal\/wp-content\/uploads\/2017\/08\/faixa.jpg\"><img loading=\"lazy\" decoding=\"async\" class=\"aligncenter size-medium wp-image-66894\" src=\"http:\/\/www.sudoestehoje.com.br\/novoportal\/wp-content\/uploads\/2017\/08\/faixa-500x300.jpg\" alt=\"\" width=\"500\" height=\"300\" srcset=\"https:\/\/www.sudoestehoje.com.br\/novoportal\/wp-content\/uploads\/2017\/08\/faixa-500x300.jpg 500w, https:\/\/www.sudoestehoje.com.br\/novoportal\/wp-content\/uploads\/2017\/08\/faixa-768x461.jpg 768w, https:\/\/www.sudoestehoje.com.br\/novoportal\/wp-content\/uploads\/2017\/08\/faixa-700x420.jpg 700w, https:\/\/www.sudoestehoje.com.br\/novoportal\/wp-content\/uploads\/2017\/08\/faixa.jpg 960w\" sizes=\"auto, (max-width: 500px) 100vw, 500px\" \/><\/a><\/p>\n<p>Assim, o neg\u00f3cio funciona na base da mem\u00f3ria, com alguns motoristas respeitando e outros n\u00e3o, sem falar dos motociclistas que n\u00e3o respeitam faixas pintadas, muito menos apagadas.<\/p>\n<p>O chefe da Comutran precisa retomar o seu plano inicial de recuperar toda a sinaliza\u00e7\u00e3o da cidade, para fazer a diferen\u00e7a, como era o seu prop\u00f3sito, e n\u00e3o cair no &#8216;lugar comum&#8217; dos seus antecessores, um bando de &#8216;zeros \u00e0 esquerda&#8217;.<\/p>\n<p>P\u00e9 na t\u00e1bua, Cl\u00e1udio!<\/p>\n<p><strong><em>Por Davi Ferraz\u00a0<\/em><\/strong><\/p>\n","protected":false},"excerpt":{"rendered":"<p>Uma das cr\u00edticas mais recorrentes sobre a atual gest\u00e3o municipal \u00e9 a defici\u00eancia na sinaliza\u00e7\u00e3o de tr\u00e2nsito, que vem causando dificuldades para quem circula pelas ruas mais movimentadas da cidade. Com faixas quase que totalmente apagadas, os pedestres ficam confusos ao atravessarem as ruas, vez que os motoristas nem sempre respeitam a prioridade do cidad\u00e3o, [&hellip;]<\/p>\n","protected":false},"author":2,"featured_media":66893,"comment_status":"open","ping_status":"open","sticky":false,"template":"","format":"standard","meta":{"footnotes":"","_links_to":"","_links_to_target":""},"categories":[1],"tags":[],"class_list":["post-66891","post","type-post","status-publish","format-standard","has-post-thumbnail","hentry","category-geral"],"views":1395,"_links":{"self":[{"href":"https:\/\/www.sudoestehoje.com.br\/novoportal\/wp-json\/wp\/v2\/posts\/66891","targetHints":{"allow":["GET"]}}],"collection":[{"href":"https:\/\/www.sudoestehoje.com.br\/novoportal\/wp-json\/wp\/v2\/posts"}],"about":[{"href":"https:\/\/www.sudoestehoje.com.br\/novoportal\/wp-json\/wp\/v2\/types\/post"}],"author":[{"embeddable":true,"href":"https:\/\/www.sudoestehoje.com.br\/novoportal\/wp-json\/wp\/v2\/users\/2"}],"replies":[{"embeddable":true,"href":"https:\/\/www.sudoestehoje.com.br\/novoportal\/wp-json\/wp\/v2\/comments?post=66891"}],"version-history":[{"count":4,"href":"https:\/\/www.sudoestehoje.com.br\/novoportal\/wp-json\/wp\/v2\/posts\/66891\/revisions"}],"predecessor-version":[{"id":66897,"href":"https:\/\/www.sudoestehoje.com.br\/novoportal\/wp-json\/wp\/v2\/posts\/66891\/revisions\/66897"}],"wp:featuredmedia":[{"embeddable":true,"href":"https:\/\/www.sudoestehoje.com.br\/novoportal\/wp-json\/wp\/v2\/media\/66893"}],"wp:attachment":[{"href":"https:\/\/www.sudoestehoje.com.br\/novoportal\/wp-json\/wp\/v2\/media?parent=66891"}],"wp:term":[{"taxonomy":"category","embeddable":true,"href":"https:\/\/www.sudoestehoje.com.br\/novoportal\/wp-json\/wp\/v2\/categories?post=66891"},{"taxonomy":"post_tag","embeddable":true,"href":"https:\/\/www.sudoestehoje.com.br\/novoportal\/wp-json\/wp\/v2\/tags?post=66891"}],"curies":[{"name":"wp","href":"https:\/\/api.w.org\/{rel}","templated":true}]}}