
{"id":66877,"date":"2017-08-06T10:56:47","date_gmt":"2017-08-06T13:56:47","guid":{"rendered":"http:\/\/www.sudoestehoje.com.br\/novoportal\/?p=66877"},"modified":"2017-08-06T10:57:07","modified_gmt":"2017-08-06T13:57:07","slug":"morre-em-itarantim-o-ex-prefeito-florindo","status":"publish","type":"post","link":"https:\/\/www.sudoestehoje.com.br\/novoportal\/2017\/08\/06\/morre-em-itarantim-o-ex-prefeito-florindo\/","title":{"rendered":"MORRE EM ITARANTIM O EX-PREFEITO FLORINDO"},"content":{"rendered":"<p><a href=\"http:\/\/www.sudoestehoje.com.br\/novoportal\/wp-content\/uploads\/2017\/08\/florindo-dantas.jpg\"><img loading=\"lazy\" decoding=\"async\" class=\"aligncenter wp-image-66878\" src=\"http:\/\/www.sudoestehoje.com.br\/novoportal\/wp-content\/uploads\/2017\/08\/florindo-dantas-500x263.jpg\" alt=\"\" width=\"502\" height=\"264\" srcset=\"https:\/\/www.sudoestehoje.com.br\/novoportal\/wp-content\/uploads\/2017\/08\/florindo-dantas-500x263.jpg 500w, https:\/\/www.sudoestehoje.com.br\/novoportal\/wp-content\/uploads\/2017\/08\/florindo-dantas.jpg 513w\" sizes=\"auto, (max-width: 502px) 100vw, 502px\" \/><\/a><\/p>\n<p>Faleceu, na manh\u00e3 deste domingo (6), o ex- prefeito de Itarantim, Florindo de Souza Dantas, conhecido regionalmente como &#8220;o construtor de Itarantim&#8221;.<\/p>\n<p>Florindo, que passava por graves problemas de sa\u00fade, vinha internado h\u00e1 quase dois meses na Santa Casa de Itabuna, n\u00e3o resistiu ao tratamento e acabou falecendo, para tristeza da sua fam\u00edlia e toda a popula\u00e7\u00e3o do munic\u00edpio.<\/p>\n<p>O Sudoeste Hoje manifesta o seu pesar \u00e0 fam\u00edlia enlutada, pela inestim\u00e1vel perda.<\/p>\n<p><strong><em>Davi Ferraz &#8211; Editor<\/em><\/strong><\/p>\n","protected":false},"excerpt":{"rendered":"<p>Faleceu, na manh\u00e3 deste domingo (6), o ex- prefeito de Itarantim, Florindo de Souza Dantas, conhecido regionalmente como &#8220;o construtor de Itarantim&#8221;. Florindo, que passava por graves problemas de sa\u00fade, vinha internado h\u00e1 quase dois meses na Santa Casa de Itabuna, n\u00e3o resistiu ao tratamento e acabou falecendo, para tristeza da sua fam\u00edlia e toda [&hellip;]<\/p>\n","protected":false},"author":2,"featured_media":66878,"comment_status":"open","ping_status":"open","sticky":false,"template":"","format":"standard","meta":{"footnotes":"","_links_to":"","_links_to_target":""},"categories":[1],"tags":[],"class_list":["post-66877","post","type-post","status-publish","format-standard","has-post-thumbnail","hentry","category-geral"],"views":2820,"_links":{"self":[{"href":"https:\/\/www.sudoestehoje.com.br\/novoportal\/wp-json\/wp\/v2\/posts\/66877","targetHints":{"allow":["GET"]}}],"collection":[{"href":"https:\/\/www.sudoestehoje.com.br\/novoportal\/wp-json\/wp\/v2\/posts"}],"about":[{"href":"https:\/\/www.sudoestehoje.com.br\/novoportal\/wp-json\/wp\/v2\/types\/post"}],"author":[{"embeddable":true,"href":"https:\/\/www.sudoestehoje.com.br\/novoportal\/wp-json\/wp\/v2\/users\/2"}],"replies":[{"embeddable":true,"href":"https:\/\/www.sudoestehoje.com.br\/novoportal\/wp-json\/wp\/v2\/comments?post=66877"}],"version-history":[{"count":2,"href":"https:\/\/www.sudoestehoje.com.br\/novoportal\/wp-json\/wp\/v2\/posts\/66877\/revisions"}],"predecessor-version":[{"id":66880,"href":"https:\/\/www.sudoestehoje.com.br\/novoportal\/wp-json\/wp\/v2\/posts\/66877\/revisions\/66880"}],"wp:featuredmedia":[{"embeddable":true,"href":"https:\/\/www.sudoestehoje.com.br\/novoportal\/wp-json\/wp\/v2\/media\/66878"}],"wp:attachment":[{"href":"https:\/\/www.sudoestehoje.com.br\/novoportal\/wp-json\/wp\/v2\/media?parent=66877"}],"wp:term":[{"taxonomy":"category","embeddable":true,"href":"https:\/\/www.sudoestehoje.com.br\/novoportal\/wp-json\/wp\/v2\/categories?post=66877"},{"taxonomy":"post_tag","embeddable":true,"href":"https:\/\/www.sudoestehoje.com.br\/novoportal\/wp-json\/wp\/v2\/tags?post=66877"}],"curies":[{"name":"wp","href":"https:\/\/api.w.org\/{rel}","templated":true}]}}