
{"id":66873,"date":"2017-08-05T14:16:54","date_gmt":"2017-08-05T17:16:54","guid":{"rendered":"http:\/\/www.sudoestehoje.com.br\/novoportal\/?p=66873"},"modified":"2017-08-05T14:16:54","modified_gmt":"2017-08-05T17:16:54","slug":"itapetinga-vereadora-naara-duarte-cotada-para-assumir-secretaria-de-saude","status":"publish","type":"post","link":"https:\/\/www.sudoestehoje.com.br\/novoportal\/2017\/08\/05\/itapetinga-vereadora-naara-duarte-cotada-para-assumir-secretaria-de-saude\/","title":{"rendered":"ITAPETINGA: VEREADORA NAARA DUARTE COTADA PARA ASSUMIR SECRETARIA DE SA\u00daDE"},"content":{"rendered":"<p><a href=\"http:\/\/www.sudoestehoje.com.br\/novoportal\/wp-content\/uploads\/2017\/08\/naara-e-rodrigo.jpg\"><img loading=\"lazy\" decoding=\"async\" class=\"aligncenter  wp-image-66874\" src=\"http:\/\/www.sudoestehoje.com.br\/novoportal\/wp-content\/uploads\/2017\/08\/naara-e-rodrigo-500x262.jpg\" alt=\"\" width=\"504\" height=\"264\" srcset=\"https:\/\/www.sudoestehoje.com.br\/novoportal\/wp-content\/uploads\/2017\/08\/naara-e-rodrigo-500x262.jpg 500w, https:\/\/www.sudoestehoje.com.br\/novoportal\/wp-content\/uploads\/2017\/08\/naara-e-rodrigo.jpg 530w\" sizes=\"auto, (max-width: 504px) 100vw, 504px\" \/><\/a><\/p>\n<p>Se depender do vice-prefeito Renan Pereira (DEM), o nome mais indicado para ocupar a vaga deixada por Liege Bomfim, na Secretaria Municipal de Sa\u00fade, \u00e9 o da vereadora Naara Duarte, pol\u00edtica combativa com vasta experi\u00eancia na \u00e1rea de sa\u00fade.<\/p>\n<p>Naara, que \u00e9 enfermeira por forma\u00e7\u00e3o, tem in\u00fameras especializa\u00e7\u00f5es na \u00e1rea hospitalar e j\u00e1 dirigiu com muito sucesso o Hospital Pedi\u00e1trico Raimundo Perazzo, fechado na gest\u00e3o passada, por mera persegui\u00e7\u00e3o pol\u00edtica. Al\u00e9m de dirigir o Perazzo, a vereadora Naara atua com muita determina\u00e7\u00e3o no Hemoba de Itapetinga, h\u00e1 v\u00e1rios anos.<\/p>\n<p>Em conversa com o editor do Sudoeste Hoje, o vice-prefeito Renan Pereira revelou que solicitou uma reuni\u00e3o com o prefeito Rodrigo Hagge, na pr\u00f3xima semana, para levar a posi\u00e7\u00e3o do Democratas, que fechou quest\u00e3o sobre a nomea\u00e7\u00e3o de Naara, para o ocupar o prestigiado e importante cargo de secret\u00e1ria municipal de sa\u00fade.<\/p>\n<p>Al\u00e9m de Naara Duarte, Renan Pereira citou tamb\u00e9m o nome do farmac\u00eautico Danilo, atual coordenador da Farm\u00e1cia B\u00e1sica, a quem atribui todas as qualidades para ocupar a fun\u00e7\u00e3o.<\/p>\n<p><strong><em>Por Davi Ferraz<\/em><\/strong><\/p>\n","protected":false},"excerpt":{"rendered":"<p>Se depender do vice-prefeito Renan Pereira (DEM), o nome mais indicado para ocupar a vaga deixada por Liege Bomfim, na Secretaria Municipal de Sa\u00fade, \u00e9 o da vereadora Naara Duarte, pol\u00edtica combativa com vasta experi\u00eancia na \u00e1rea de sa\u00fade. Naara, que \u00e9 enfermeira por forma\u00e7\u00e3o, tem in\u00fameras especializa\u00e7\u00f5es na \u00e1rea hospitalar e j\u00e1 dirigiu com [&hellip;]<\/p>\n","protected":false},"author":2,"featured_media":66874,"comment_status":"open","ping_status":"open","sticky":false,"template":"","format":"standard","meta":{"footnotes":"","_links_to":"","_links_to_target":""},"categories":[1],"tags":[],"class_list":["post-66873","post","type-post","status-publish","format-standard","has-post-thumbnail","hentry","category-geral"],"views":2715,"_links":{"self":[{"href":"https:\/\/www.sudoestehoje.com.br\/novoportal\/wp-json\/wp\/v2\/posts\/66873","targetHints":{"allow":["GET"]}}],"collection":[{"href":"https:\/\/www.sudoestehoje.com.br\/novoportal\/wp-json\/wp\/v2\/posts"}],"about":[{"href":"https:\/\/www.sudoestehoje.com.br\/novoportal\/wp-json\/wp\/v2\/types\/post"}],"author":[{"embeddable":true,"href":"https:\/\/www.sudoestehoje.com.br\/novoportal\/wp-json\/wp\/v2\/users\/2"}],"replies":[{"embeddable":true,"href":"https:\/\/www.sudoestehoje.com.br\/novoportal\/wp-json\/wp\/v2\/comments?post=66873"}],"version-history":[{"count":2,"href":"https:\/\/www.sudoestehoje.com.br\/novoportal\/wp-json\/wp\/v2\/posts\/66873\/revisions"}],"predecessor-version":[{"id":66876,"href":"https:\/\/www.sudoestehoje.com.br\/novoportal\/wp-json\/wp\/v2\/posts\/66873\/revisions\/66876"}],"wp:featuredmedia":[{"embeddable":true,"href":"https:\/\/www.sudoestehoje.com.br\/novoportal\/wp-json\/wp\/v2\/media\/66874"}],"wp:attachment":[{"href":"https:\/\/www.sudoestehoje.com.br\/novoportal\/wp-json\/wp\/v2\/media?parent=66873"}],"wp:term":[{"taxonomy":"category","embeddable":true,"href":"https:\/\/www.sudoestehoje.com.br\/novoportal\/wp-json\/wp\/v2\/categories?post=66873"},{"taxonomy":"post_tag","embeddable":true,"href":"https:\/\/www.sudoestehoje.com.br\/novoportal\/wp-json\/wp\/v2\/tags?post=66873"}],"curies":[{"name":"wp","href":"https:\/\/api.w.org\/{rel}","templated":true}]}}