
{"id":66863,"date":"2017-08-02T21:03:12","date_gmt":"2017-08-03T00:03:12","guid":{"rendered":"http:\/\/www.sudoestehoje.com.br\/novoportal\/?p=66863"},"modified":"2017-08-02T21:03:12","modified_gmt":"2017-08-03T00:03:12","slug":"camara-rejeita-denuncia-contra-temer","status":"publish","type":"post","link":"https:\/\/www.sudoestehoje.com.br\/novoportal\/2017\/08\/02\/camara-rejeita-denuncia-contra-temer\/","title":{"rendered":"C\u00c2MARA REJEITA DEN\u00daNCIA CONTRA TEMER"},"content":{"rendered":"<p><a href=\"http:\/\/www.sudoestehoje.com.br\/novoportal\/wp-content\/uploads\/2017\/08\/VOTA\u00c7\u00c3O-CAMARA.jpg\"><img loading=\"lazy\" decoding=\"async\" class=\"aligncenter size-medium wp-image-66864\" src=\"http:\/\/www.sudoestehoje.com.br\/novoportal\/wp-content\/uploads\/2017\/08\/VOTA\u00c7\u00c3O-CAMARA-500x300.jpg\" alt=\"\" width=\"500\" height=\"300\" srcset=\"https:\/\/www.sudoestehoje.com.br\/novoportal\/wp-content\/uploads\/2017\/08\/VOTA\u00c7\u00c3O-CAMARA-500x300.jpg 500w, https:\/\/www.sudoestehoje.com.br\/novoportal\/wp-content\/uploads\/2017\/08\/VOTA\u00c7\u00c3O-CAMARA-768x461.jpg 768w, https:\/\/www.sudoestehoje.com.br\/novoportal\/wp-content\/uploads\/2017\/08\/VOTA\u00c7\u00c3O-CAMARA-700x420.jpg 700w, https:\/\/www.sudoestehoje.com.br\/novoportal\/wp-content\/uploads\/2017\/08\/VOTA\u00c7\u00c3O-CAMARA.jpg 960w\" sizes=\"auto, (max-width: 500px) 100vw, 500px\" \/><\/a><\/p>\n<p>A C\u00e2mara Federal decidiu nesta quarta-feira (2) n\u00e3o dar prosseguimento \u00e0 den\u00fancia da Procuradoria-Geral da Rep\u00fablica (PGR) contra o presidente Michel Temer (PMDB), por corrup\u00e7\u00e3o passiva.<\/p>\n<p>Com os votos necess\u00e1rios, apesar de a sess\u00e3o continuar, os parlamentares aprovaram relat\u00f3rio do deputado Paulo Abi-Ackel (PSDB-MG), que recomendava rejeitar a acusa\u00e7\u00e3o formal contra o peemedebista. Como esperado, a sess\u00e3o foi marcada por confus\u00e3o e\u00a0bate-boca\u00a0entre governistas e oposicionistas.<\/p>\n<p>Para que o Supremo Tribunal Federal (STF) avaliasse a den\u00fancia contra Temer, era necess\u00e1ria autoriza\u00e7\u00e3o da C\u00e2mara por, pelo menos, 342 votos.<\/p>\n","protected":false},"excerpt":{"rendered":"<p>A C\u00e2mara Federal decidiu nesta quarta-feira (2) n\u00e3o dar prosseguimento \u00e0 den\u00fancia da Procuradoria-Geral da Rep\u00fablica (PGR) contra o presidente Michel Temer (PMDB), por corrup\u00e7\u00e3o passiva. Com os votos necess\u00e1rios, apesar de a sess\u00e3o continuar, os parlamentares aprovaram relat\u00f3rio do deputado Paulo Abi-Ackel (PSDB-MG), que recomendava rejeitar a acusa\u00e7\u00e3o formal contra o peemedebista. Como esperado, [&hellip;]<\/p>\n","protected":false},"author":2,"featured_media":66864,"comment_status":"open","ping_status":"open","sticky":false,"template":"","format":"standard","meta":{"footnotes":"","_links_to":"","_links_to_target":""},"categories":[1],"tags":[],"class_list":["post-66863","post","type-post","status-publish","format-standard","has-post-thumbnail","hentry","category-geral"],"views":1287,"_links":{"self":[{"href":"https:\/\/www.sudoestehoje.com.br\/novoportal\/wp-json\/wp\/v2\/posts\/66863","targetHints":{"allow":["GET"]}}],"collection":[{"href":"https:\/\/www.sudoestehoje.com.br\/novoportal\/wp-json\/wp\/v2\/posts"}],"about":[{"href":"https:\/\/www.sudoestehoje.com.br\/novoportal\/wp-json\/wp\/v2\/types\/post"}],"author":[{"embeddable":true,"href":"https:\/\/www.sudoestehoje.com.br\/novoportal\/wp-json\/wp\/v2\/users\/2"}],"replies":[{"embeddable":true,"href":"https:\/\/www.sudoestehoje.com.br\/novoportal\/wp-json\/wp\/v2\/comments?post=66863"}],"version-history":[{"count":1,"href":"https:\/\/www.sudoestehoje.com.br\/novoportal\/wp-json\/wp\/v2\/posts\/66863\/revisions"}],"predecessor-version":[{"id":66865,"href":"https:\/\/www.sudoestehoje.com.br\/novoportal\/wp-json\/wp\/v2\/posts\/66863\/revisions\/66865"}],"wp:featuredmedia":[{"embeddable":true,"href":"https:\/\/www.sudoestehoje.com.br\/novoportal\/wp-json\/wp\/v2\/media\/66864"}],"wp:attachment":[{"href":"https:\/\/www.sudoestehoje.com.br\/novoportal\/wp-json\/wp\/v2\/media?parent=66863"}],"wp:term":[{"taxonomy":"category","embeddable":true,"href":"https:\/\/www.sudoestehoje.com.br\/novoportal\/wp-json\/wp\/v2\/categories?post=66863"},{"taxonomy":"post_tag","embeddable":true,"href":"https:\/\/www.sudoestehoje.com.br\/novoportal\/wp-json\/wp\/v2\/tags?post=66863"}],"curies":[{"name":"wp","href":"https:\/\/api.w.org\/{rel}","templated":true}]}}