
{"id":66848,"date":"2017-08-01T22:11:10","date_gmt":"2017-08-02T01:11:10","guid":{"rendered":"http:\/\/www.sudoestehoje.com.br\/novoportal\/?p=66848"},"modified":"2017-08-01T22:11:10","modified_gmt":"2017-08-02T01:11:10","slug":"juiz-federal-da-paraiba-suspende-aumento-dos-combustiveis-em-todo-o-brasil","status":"publish","type":"post","link":"https:\/\/www.sudoestehoje.com.br\/novoportal\/2017\/08\/01\/juiz-federal-da-paraiba-suspende-aumento-dos-combustiveis-em-todo-o-brasil\/","title":{"rendered":"JUIZ FEDERAL DA PARA\u00cdBA SUSPENDE AUMENTO DOS COMBUST\u00cdVEIS EM TODO O BRASIL"},"content":{"rendered":"<p><a href=\"http:\/\/www.sudoestehoje.com.br\/novoportal\/wp-content\/uploads\/2017\/07\/p1.jpg\"><img loading=\"lazy\" decoding=\"async\" class=\"aligncenter size-medium wp-image-66673\" src=\"http:\/\/www.sudoestehoje.com.br\/novoportal\/wp-content\/uploads\/2017\/07\/p1-500x300.jpg\" alt=\"\" width=\"500\" height=\"300\" srcset=\"https:\/\/www.sudoestehoje.com.br\/novoportal\/wp-content\/uploads\/2017\/07\/p1-500x300.jpg 500w, https:\/\/www.sudoestehoje.com.br\/novoportal\/wp-content\/uploads\/2017\/07\/p1-768x461.jpg 768w, https:\/\/www.sudoestehoje.com.br\/novoportal\/wp-content\/uploads\/2017\/07\/p1-700x420.jpg 700w, https:\/\/www.sudoestehoje.com.br\/novoportal\/wp-content\/uploads\/2017\/07\/p1.jpg 960w\" sizes=\"auto, (max-width: 500px) 100vw, 500px\" \/><\/a><\/p>\n<p>A Justi\u00e7a Federal na Para\u00edba suspendeu, nesta ter\u00e7a-feira (1\u00ba),\u00a0o decreto presidencial que elevou as al\u00edquotas do PIS\/Paseb\u00a0sobre os combust\u00edveis<\/p>\n<p>A medida foi tomada liminarmente atendendo um mandado de seguran\u00e7a coletivo impetrado pelo Sindicato do Com\u00e9rcio Varejista de Derivados de Petr\u00f3leo no Estado da Para\u00edba (Sindipetro-PB), o que restabelece os porcentuais anteriores al\u00edquotas das al\u00edquotas.<\/p>\n<p>A Advocacia-Geral da Uni\u00e3o vai recorrer.<\/p>\n<p><strong>Bras\u00edlia \u2013<\/strong>\u00a0Essa \u00e9 a segunda decis\u00e3o judicial que barra o aumento dos combust\u00edveis. A 20.\u00aa Vara Federal, em Bras\u00edlia, determinou no dia 26 de julho a suspens\u00e3o do decreto do Governo Michel Temer que aumentou o imposto que incide sobre os combust\u00edveis.<\/p>\n<p>No dia seguinte, o presidente do Tribunal Regional Federal da 1\u00aa Regi\u00e3o, desembargador Hilton Jos\u00e9 Gomes de Queiroz, revogou a liminar a pedido da Advocacia-Geral da Uni\u00e3o.<\/p>\n","protected":false},"excerpt":{"rendered":"<p>A Justi\u00e7a Federal na Para\u00edba suspendeu, nesta ter\u00e7a-feira (1\u00ba),\u00a0o decreto presidencial que elevou as al\u00edquotas do PIS\/Paseb\u00a0sobre os combust\u00edveis A medida foi tomada liminarmente atendendo um mandado de seguran\u00e7a coletivo impetrado pelo Sindicato do Com\u00e9rcio Varejista de Derivados de Petr\u00f3leo no Estado da Para\u00edba (Sindipetro-PB), o que restabelece os porcentuais anteriores al\u00edquotas das al\u00edquotas. A [&hellip;]<\/p>\n","protected":false},"author":2,"featured_media":66673,"comment_status":"open","ping_status":"open","sticky":false,"template":"","format":"standard","meta":{"footnotes":"","_links_to":"","_links_to_target":""},"categories":[1],"tags":[],"class_list":["post-66848","post","type-post","status-publish","format-standard","has-post-thumbnail","hentry","category-geral"],"views":2928,"_links":{"self":[{"href":"https:\/\/www.sudoestehoje.com.br\/novoportal\/wp-json\/wp\/v2\/posts\/66848","targetHints":{"allow":["GET"]}}],"collection":[{"href":"https:\/\/www.sudoestehoje.com.br\/novoportal\/wp-json\/wp\/v2\/posts"}],"about":[{"href":"https:\/\/www.sudoestehoje.com.br\/novoportal\/wp-json\/wp\/v2\/types\/post"}],"author":[{"embeddable":true,"href":"https:\/\/www.sudoestehoje.com.br\/novoportal\/wp-json\/wp\/v2\/users\/2"}],"replies":[{"embeddable":true,"href":"https:\/\/www.sudoestehoje.com.br\/novoportal\/wp-json\/wp\/v2\/comments?post=66848"}],"version-history":[{"count":1,"href":"https:\/\/www.sudoestehoje.com.br\/novoportal\/wp-json\/wp\/v2\/posts\/66848\/revisions"}],"predecessor-version":[{"id":66849,"href":"https:\/\/www.sudoestehoje.com.br\/novoportal\/wp-json\/wp\/v2\/posts\/66848\/revisions\/66849"}],"wp:featuredmedia":[{"embeddable":true,"href":"https:\/\/www.sudoestehoje.com.br\/novoportal\/wp-json\/wp\/v2\/media\/66673"}],"wp:attachment":[{"href":"https:\/\/www.sudoestehoje.com.br\/novoportal\/wp-json\/wp\/v2\/media?parent=66848"}],"wp:term":[{"taxonomy":"category","embeddable":true,"href":"https:\/\/www.sudoestehoje.com.br\/novoportal\/wp-json\/wp\/v2\/categories?post=66848"},{"taxonomy":"post_tag","embeddable":true,"href":"https:\/\/www.sudoestehoje.com.br\/novoportal\/wp-json\/wp\/v2\/tags?post=66848"}],"curies":[{"name":"wp","href":"https:\/\/api.w.org\/{rel}","templated":true}]}}