
{"id":66837,"date":"2017-08-01T18:57:09","date_gmt":"2017-08-01T21:57:09","guid":{"rendered":"http:\/\/www.sudoestehoje.com.br\/novoportal\/?p=66837"},"modified":"2017-08-01T19:00:55","modified_gmt":"2017-08-01T22:00:55","slug":"para-manter-temer-no-cargo-ate-2018-rui-troca-deputados-e-libera-base-aliada","status":"publish","type":"post","link":"https:\/\/www.sudoestehoje.com.br\/novoportal\/2017\/08\/01\/para-manter-temer-no-cargo-ate-2018-rui-troca-deputados-e-libera-base-aliada\/","title":{"rendered":"PARA MANTER TEMER NO CARGO AT\u00c9 2018, RUI TROCA DEPUTADOS E LIBERA BASE ALIADA"},"content":{"rendered":"<p><a href=\"http:\/\/www.sudoestehoje.com.br\/novoportal\/wp-content\/uploads\/2017\/08\/TEMER-E-RUI.jpg\"><img loading=\"lazy\" decoding=\"async\" class=\"aligncenter size-medium wp-image-66842\" src=\"http:\/\/www.sudoestehoje.com.br\/novoportal\/wp-content\/uploads\/2017\/08\/TEMER-E-RUI-500x336.jpg\" alt=\"\" width=\"500\" height=\"336\" srcset=\"https:\/\/www.sudoestehoje.com.br\/novoportal\/wp-content\/uploads\/2017\/08\/TEMER-E-RUI-500x336.jpg 500w, https:\/\/www.sudoestehoje.com.br\/novoportal\/wp-content\/uploads\/2017\/08\/TEMER-E-RUI-768x516.jpg 768w, https:\/\/www.sudoestehoje.com.br\/novoportal\/wp-content\/uploads\/2017\/08\/TEMER-E-RUI-700x471.jpg 700w, https:\/\/www.sudoestehoje.com.br\/novoportal\/wp-content\/uploads\/2017\/08\/TEMER-E-RUI.jpg 800w\" sizes=\"auto, (max-width: 500px) 100vw, 500px\" \/><\/a><\/p>\n<p>Determinado a marcar posi\u00e7\u00e3o contra a queda de Michel Temer (PMDB), o governador Rui Costa (PT) liberou ontem a ala da bancada governista integrada pelo PP, o PSD e o PR a votar como quiser a den\u00fancia contra o presidente da Rep\u00fablica no Congresso e mandou um recado ao seu partido, ao PSB e ao PCdoB de que n\u00e3o contar\u00e3o mais com ele no esfor\u00e7o de derrotar o peemedebista no Congresso.<\/p>\n<p>Para isso, exonerou os secret\u00e1rios Josias Gomes (Rela\u00e7\u00f5es Institucionais) e Fernando Torres (Desenvolvimento Urbano) para que voltem \u00e0 C\u00e2mara a tempo de tomar parte na vota\u00e7\u00e3o da den\u00fancia sem prejudicar o presidente.<\/p>\n<p>A manobra far\u00e1 com que deixem a C\u00e2mara dos Deputados no per\u00edodo da an\u00e1lise da den\u00fancia contra Temer os suplentes Robinson Almeida (PT) e Davidson Magalh\u00e3es (PCdoB), que assumiram seus mandatos nas vagas abertas com a nomea\u00e7\u00e3o de Josias e Torres ao secretariado e estavam opondo resist\u00eancia \u00e0 id\u00e9ia de n\u00e3o colaborar para afastar o presidente da Rep\u00fablica.<\/p>\n<p>A decis\u00e3o do governador foi tomada ou melhor, constru\u00edda coletivamente, segundo um parlamentar governista, ontem \u00e0 noite, numa reuni\u00e3o convocada por Rui com a bancada governista para discutir o assunto, da qual Robinson saiu mais cedo sem saber da decis\u00e3o e Davidson n\u00e3o participou.<\/p>\n<p>QUER ENTENDER? LEIA MAT\u00c9RIA COMPLETA NO\u00a0<strong><a href=\"http:\/\/RUI AJUDA TEMER\">POL\u00cdTICA LIVRE<\/a><\/strong><\/p>\n","protected":false},"excerpt":{"rendered":"<p>Determinado a marcar posi\u00e7\u00e3o contra a queda de Michel Temer (PMDB), o governador Rui Costa (PT) liberou ontem a ala da bancada governista integrada pelo PP, o PSD e o PR a votar como quiser a den\u00fancia contra o presidente da Rep\u00fablica no Congresso e mandou um recado ao seu partido, ao PSB e ao [&hellip;]<\/p>\n","protected":false},"author":2,"featured_media":66842,"comment_status":"open","ping_status":"open","sticky":false,"template":"","format":"standard","meta":{"footnotes":"","_links_to":"","_links_to_target":""},"categories":[1],"tags":[],"class_list":["post-66837","post","type-post","status-publish","format-standard","has-post-thumbnail","hentry","category-geral"],"views":1345,"_links":{"self":[{"href":"https:\/\/www.sudoestehoje.com.br\/novoportal\/wp-json\/wp\/v2\/posts\/66837","targetHints":{"allow":["GET"]}}],"collection":[{"href":"https:\/\/www.sudoestehoje.com.br\/novoportal\/wp-json\/wp\/v2\/posts"}],"about":[{"href":"https:\/\/www.sudoestehoje.com.br\/novoportal\/wp-json\/wp\/v2\/types\/post"}],"author":[{"embeddable":true,"href":"https:\/\/www.sudoestehoje.com.br\/novoportal\/wp-json\/wp\/v2\/users\/2"}],"replies":[{"embeddable":true,"href":"https:\/\/www.sudoestehoje.com.br\/novoportal\/wp-json\/wp\/v2\/comments?post=66837"}],"version-history":[{"count":8,"href":"https:\/\/www.sudoestehoje.com.br\/novoportal\/wp-json\/wp\/v2\/posts\/66837\/revisions"}],"predecessor-version":[{"id":66847,"href":"https:\/\/www.sudoestehoje.com.br\/novoportal\/wp-json\/wp\/v2\/posts\/66837\/revisions\/66847"}],"wp:featuredmedia":[{"embeddable":true,"href":"https:\/\/www.sudoestehoje.com.br\/novoportal\/wp-json\/wp\/v2\/media\/66842"}],"wp:attachment":[{"href":"https:\/\/www.sudoestehoje.com.br\/novoportal\/wp-json\/wp\/v2\/media?parent=66837"}],"wp:term":[{"taxonomy":"category","embeddable":true,"href":"https:\/\/www.sudoestehoje.com.br\/novoportal\/wp-json\/wp\/v2\/categories?post=66837"},{"taxonomy":"post_tag","embeddable":true,"href":"https:\/\/www.sudoestehoje.com.br\/novoportal\/wp-json\/wp\/v2\/tags?post=66837"}],"curies":[{"name":"wp","href":"https:\/\/api.w.org\/{rel}","templated":true}]}}