
{"id":66831,"date":"2017-08-01T14:46:20","date_gmt":"2017-08-01T17:46:20","guid":{"rendered":"http:\/\/www.sudoestehoje.com.br\/novoportal\/?p=66831"},"modified":"2017-08-01T14:55:43","modified_gmt":"2017-08-01T17:55:43","slug":"exclusivo-secretaria-de-saude-liege-bomfim-pede-exoneracao-do-cargo","status":"publish","type":"post","link":"https:\/\/www.sudoestehoje.com.br\/novoportal\/2017\/08\/01\/exclusivo-secretaria-de-saude-liege-bomfim-pede-exoneracao-do-cargo\/","title":{"rendered":"EXCLUSIVO: SECRET\u00c1RIA MUNICIPAL DE SA\u00daDE LIEGE BOMFIM PEDE EXONERA\u00c7\u00c3O DO CARGO"},"content":{"rendered":"<p><a href=\"http:\/\/www.sudoestehoje.com.br\/novoportal\/wp-content\/uploads\/2017\/08\/liege.jpg\"><img loading=\"lazy\" decoding=\"async\" class=\"aligncenter size-medium wp-image-66832\" src=\"http:\/\/www.sudoestehoje.com.br\/novoportal\/wp-content\/uploads\/2017\/08\/liege-500x333.jpg\" alt=\"\" width=\"500\" height=\"333\" srcset=\"https:\/\/www.sudoestehoje.com.br\/novoportal\/wp-content\/uploads\/2017\/08\/liege-500x333.jpg 500w, https:\/\/www.sudoestehoje.com.br\/novoportal\/wp-content\/uploads\/2017\/08\/liege-768x512.jpg 768w, https:\/\/www.sudoestehoje.com.br\/novoportal\/wp-content\/uploads\/2017\/08\/liege-700x466.jpg 700w, https:\/\/www.sudoestehoje.com.br\/novoportal\/wp-content\/uploads\/2017\/08\/liege.jpg 1280w\" sizes=\"auto, (max-width: 500px) 100vw, 500px\" \/><\/a><\/p>\n<p>H\u00e1 poucos instantes, a Secret\u00e1ria Municipal de Sa\u00fade de Itapetinga, Liege Bomfim, entregou ao prefeito Rodrigo Hagge o seu pedido de exonera\u00e7\u00e3o do cargo e licen\u00e7a para tratamento de sa\u00fade, como servidora do quadro efetivo do munic\u00edpio.<\/p>\n<p>Em seu pedido, Liege Bomfim argumentou que devido ao estresse, um quadro de artrite reumatoide a que \u00e9 acometida, se potencializou, havendo necessidade urgente de se submeter a uma cirurgia, em Salvador.<\/p>\n<p>Em contato com o Sudoeste Hoje, o prefeito Rodrigo Hagge informou em primeira m\u00e3o que aceitou o pedido de demiss\u00e3o de Liege, mas que ainda n\u00e3o tem defini\u00e7\u00e3o de quem ir\u00e1 substitu\u00ed-la no cargo, mas que a escolha do novo titular da Secretaria de Sa\u00fade ser\u00e1 em car\u00e1ter definitivo, e n\u00e3o interino.<\/p>\n<p>Aguardem maiores informa\u00e7\u00f5es.<\/p>\n<p><strong><em>Por Davi Ferraz<\/em><\/strong><\/p>\n","protected":false},"excerpt":{"rendered":"<p>H\u00e1 poucos instantes, a Secret\u00e1ria Municipal de Sa\u00fade de Itapetinga, Liege Bomfim, entregou ao prefeito Rodrigo Hagge o seu pedido de exonera\u00e7\u00e3o do cargo e licen\u00e7a para tratamento de sa\u00fade, como servidora do quadro efetivo do munic\u00edpio. Em seu pedido, Liege Bomfim argumentou que devido ao estresse, um quadro de artrite reumatoide a que \u00e9 [&hellip;]<\/p>\n","protected":false},"author":2,"featured_media":66832,"comment_status":"open","ping_status":"open","sticky":false,"template":"","format":"standard","meta":{"footnotes":"","_links_to":"","_links_to_target":""},"categories":[1],"tags":[],"class_list":["post-66831","post","type-post","status-publish","format-standard","has-post-thumbnail","hentry","category-geral"],"views":2933,"_links":{"self":[{"href":"https:\/\/www.sudoestehoje.com.br\/novoportal\/wp-json\/wp\/v2\/posts\/66831","targetHints":{"allow":["GET"]}}],"collection":[{"href":"https:\/\/www.sudoestehoje.com.br\/novoportal\/wp-json\/wp\/v2\/posts"}],"about":[{"href":"https:\/\/www.sudoestehoje.com.br\/novoportal\/wp-json\/wp\/v2\/types\/post"}],"author":[{"embeddable":true,"href":"https:\/\/www.sudoestehoje.com.br\/novoportal\/wp-json\/wp\/v2\/users\/2"}],"replies":[{"embeddable":true,"href":"https:\/\/www.sudoestehoje.com.br\/novoportal\/wp-json\/wp\/v2\/comments?post=66831"}],"version-history":[{"count":4,"href":"https:\/\/www.sudoestehoje.com.br\/novoportal\/wp-json\/wp\/v2\/posts\/66831\/revisions"}],"predecessor-version":[{"id":66836,"href":"https:\/\/www.sudoestehoje.com.br\/novoportal\/wp-json\/wp\/v2\/posts\/66831\/revisions\/66836"}],"wp:featuredmedia":[{"embeddable":true,"href":"https:\/\/www.sudoestehoje.com.br\/novoportal\/wp-json\/wp\/v2\/media\/66832"}],"wp:attachment":[{"href":"https:\/\/www.sudoestehoje.com.br\/novoportal\/wp-json\/wp\/v2\/media?parent=66831"}],"wp:term":[{"taxonomy":"category","embeddable":true,"href":"https:\/\/www.sudoestehoje.com.br\/novoportal\/wp-json\/wp\/v2\/categories?post=66831"},{"taxonomy":"post_tag","embeddable":true,"href":"https:\/\/www.sudoestehoje.com.br\/novoportal\/wp-json\/wp\/v2\/tags?post=66831"}],"curies":[{"name":"wp","href":"https:\/\/api.w.org\/{rel}","templated":true}]}}