
{"id":66818,"date":"2017-08-01T11:22:22","date_gmt":"2017-08-01T14:22:22","guid":{"rendered":"http:\/\/www.sudoestehoje.com.br\/novoportal\/?p=66818"},"modified":"2017-08-01T11:24:24","modified_gmt":"2017-08-01T14:24:24","slug":"sudoeste-governo-federal-corta-verba-para-construcao-da-barragem-do-rio-catole","status":"publish","type":"post","link":"https:\/\/www.sudoestehoje.com.br\/novoportal\/2017\/08\/01\/sudoeste-governo-federal-corta-verba-para-construcao-da-barragem-do-rio-catole\/","title":{"rendered":"SUDOESTE: GOVERNO FEDERAL CORTA VERBA PARA CONSTRU\u00c7\u00c3O DA BARRAGEM DO RIO CATOL\u00c9"},"content":{"rendered":"<p><a href=\"http:\/\/www.sudoestehoje.com.br\/novoportal\/wp-content\/uploads\/2017\/08\/Rio-Catole-1.jpg\"><img loading=\"lazy\" decoding=\"async\" class=\"aligncenter size-medium wp-image-66819\" src=\"http:\/\/www.sudoestehoje.com.br\/novoportal\/wp-content\/uploads\/2017\/08\/Rio-Catole-1-500x347.jpg\" alt=\"\" width=\"500\" height=\"347\" srcset=\"https:\/\/www.sudoestehoje.com.br\/novoportal\/wp-content\/uploads\/2017\/08\/Rio-Catole-1-500x347.jpg 500w, https:\/\/www.sudoestehoje.com.br\/novoportal\/wp-content\/uploads\/2017\/08\/Rio-Catole-1-700x486.jpg 700w, https:\/\/www.sudoestehoje.com.br\/novoportal\/wp-content\/uploads\/2017\/08\/Rio-Catole-1.jpg 716w\" sizes=\"auto, (max-width: 500px) 100vw, 500px\" \/><\/a><\/p>\n<p>Nesta segunda-feira (31) repercutiu em toda a regi\u00e3o Sudoeste a decis\u00e3o do governo federal em contingenciar parte da dota\u00e7\u00e3o or\u00e7ament\u00e1ria de R$ 144 milh\u00f5es para a constru\u00e7\u00e3o da barragem do Rio Catol\u00e9, que as autoridades conquistenses j\u00e1 tinham como certa a sua libera\u00e7\u00e3o.<\/p>\n<p>Surpreso e abalado com a decis\u00e3o do governo federal, o prefeito Herzem Gusm\u00e3o informou que vai \u00e0 Brasilia para tentar reverter a situa\u00e7\u00e3o:\u00a0<em>\u201cA nova barragem ainda em debate, em discuss\u00e3o, a Barragem do Rio Catol\u00e9 que o Governo Federal destinou R$ 144 milh\u00f5es, me parece que a contens\u00e3o, o contingenciamento dever\u00e1 atingir, mas n\u00f3s iremos \u00e0 Bras\u00edlia para reverter\u201d,<\/em>\u00a0prometeu Herzem Gusm\u00e3o na manh\u00e3 do domingo (30).<\/p>\n<p>A esperan\u00e7a agora \u00e9 o cumprimento de uma promessa do governador Rui Costa, que anunciou recentemente que as obras ser\u00e3o tocadas, mesmo sem os repasses federais.\u00a0<em>\u201cFico feliz em saber que o governador fez uma declara\u00e7\u00e3o recente em Po\u00e7\u00f5es, que mesmo sem os recursos da esfera federal ele vai implantar com recursos do Estado\u201d<\/em>, complementou Herzem.<\/p>\n<p>A \u00fanica certeza em todo esse processo \u00e9 que <em>promessa pol\u00edtica em Conquista \u00e9 para nunca ser cumprida<\/em>.<\/p>\n<p><strong><em>Por Davi Ferraz<\/em><\/strong><\/p>\n","protected":false},"excerpt":{"rendered":"<p>Nesta segunda-feira (31) repercutiu em toda a regi\u00e3o Sudoeste a decis\u00e3o do governo federal em contingenciar parte da dota\u00e7\u00e3o or\u00e7ament\u00e1ria de R$ 144 milh\u00f5es para a constru\u00e7\u00e3o da barragem do Rio Catol\u00e9, que as autoridades conquistenses j\u00e1 tinham como certa a sua libera\u00e7\u00e3o. Surpreso e abalado com a decis\u00e3o do governo federal, o prefeito Herzem [&hellip;]<\/p>\n","protected":false},"author":2,"featured_media":66819,"comment_status":"open","ping_status":"open","sticky":false,"template":"","format":"standard","meta":{"footnotes":"","_links_to":"","_links_to_target":""},"categories":[1],"tags":[],"class_list":["post-66818","post","type-post","status-publish","format-standard","has-post-thumbnail","hentry","category-geral"],"views":1568,"_links":{"self":[{"href":"https:\/\/www.sudoestehoje.com.br\/novoportal\/wp-json\/wp\/v2\/posts\/66818","targetHints":{"allow":["GET"]}}],"collection":[{"href":"https:\/\/www.sudoestehoje.com.br\/novoportal\/wp-json\/wp\/v2\/posts"}],"about":[{"href":"https:\/\/www.sudoestehoje.com.br\/novoportal\/wp-json\/wp\/v2\/types\/post"}],"author":[{"embeddable":true,"href":"https:\/\/www.sudoestehoje.com.br\/novoportal\/wp-json\/wp\/v2\/users\/2"}],"replies":[{"embeddable":true,"href":"https:\/\/www.sudoestehoje.com.br\/novoportal\/wp-json\/wp\/v2\/comments?post=66818"}],"version-history":[{"count":4,"href":"https:\/\/www.sudoestehoje.com.br\/novoportal\/wp-json\/wp\/v2\/posts\/66818\/revisions"}],"predecessor-version":[{"id":66823,"href":"https:\/\/www.sudoestehoje.com.br\/novoportal\/wp-json\/wp\/v2\/posts\/66818\/revisions\/66823"}],"wp:featuredmedia":[{"embeddable":true,"href":"https:\/\/www.sudoestehoje.com.br\/novoportal\/wp-json\/wp\/v2\/media\/66819"}],"wp:attachment":[{"href":"https:\/\/www.sudoestehoje.com.br\/novoportal\/wp-json\/wp\/v2\/media?parent=66818"}],"wp:term":[{"taxonomy":"category","embeddable":true,"href":"https:\/\/www.sudoestehoje.com.br\/novoportal\/wp-json\/wp\/v2\/categories?post=66818"},{"taxonomy":"post_tag","embeddable":true,"href":"https:\/\/www.sudoestehoje.com.br\/novoportal\/wp-json\/wp\/v2\/tags?post=66818"}],"curies":[{"name":"wp","href":"https:\/\/api.w.org\/{rel}","templated":true}]}}