
{"id":66804,"date":"2017-07-31T20:32:51","date_gmt":"2017-07-31T23:32:51","guid":{"rendered":"http:\/\/www.sudoestehoje.com.br\/novoportal\/?p=66804"},"modified":"2017-07-31T21:30:39","modified_gmt":"2017-08-01T00:30:39","slug":"conquista-herzem-suspende-zona-azul-e-cancela-multas-aplicadas","status":"publish","type":"post","link":"https:\/\/www.sudoestehoje.com.br\/novoportal\/2017\/07\/31\/conquista-herzem-suspende-zona-azul-e-cancela-multas-aplicadas\/","title":{"rendered":"CONQUISTA: HERZEM SUSPENDE ZONA AZUL E CANCELA APLICA\u00c7\u00c3O DE MULTAS"},"content":{"rendered":"<p><strong><em>Secom PMVC<\/em><\/strong><\/p>\n<p><a href=\"http:\/\/www.sudoestehoje.com.br\/novoportal\/wp-content\/uploads\/2017\/07\/ZONA-AZUL.jpg\"><img loading=\"lazy\" decoding=\"async\" class=\"aligncenter size-medium wp-image-66805\" src=\"http:\/\/www.sudoestehoje.com.br\/novoportal\/wp-content\/uploads\/2017\/07\/ZONA-AZUL-500x335.jpg\" alt=\"\" width=\"500\" height=\"335\" srcset=\"https:\/\/www.sudoestehoje.com.br\/novoportal\/wp-content\/uploads\/2017\/07\/ZONA-AZUL-500x335.jpg 500w, https:\/\/www.sudoestehoje.com.br\/novoportal\/wp-content\/uploads\/2017\/07\/ZONA-AZUL.jpg 600w\" sizes=\"auto, (max-width: 500px) 100vw, 500px\" \/><\/a><\/p>\n<p>O prefeito Herzem Gusm\u00e3o decretou no fim da tarde desta segunda-feira, 31, a suspens\u00e3o tempor\u00e1ria da concess\u00e3o para a explora\u00e7\u00e3o da Zona Azul pelo Cons\u00f3rcio Vit\u00f3ria da Conquista Rotativo, conhecido como Expark. O decreto 18.034\/2017 pro\u00edbe a cobran\u00e7a de tarifa de estacionamento pelo prazo de 30 dias \u00fateis.\u00a0A decis\u00e3o foi tomada em raz\u00e3o da qualidade insatisfat\u00f3ria do servi\u00e7o prestado aos usu\u00e1rios e do descumprimento de cl\u00e1usulas contratuais.<\/p>\n<p>A Prefeitura de Vit\u00f3ria da Conquista considerou que a popula\u00e7\u00e3o n\u00e3o foi devidamente comunicada a respeito dos novos meios de pagamento do estacionamento rotativo da zona azul e, em raz\u00e3o disso, decretou ainda que todos os Avisos de Irregularidade expedidos ap\u00f3s dia 26 de junho de 2017 n\u00e3o se converter\u00e3o em multa ou trar\u00e3o qualquer \u00f4nus para o cidad\u00e3o.<\/p>\n<p><em>\u201cMudou o sistema e os antigos equipamentos, chamados de totens, permanecem l\u00e1, confundindo a popula\u00e7\u00e3o. Inclusive, agentes do Simtrans n\u00e3o foram devidamente orientados para evitar abordagens equivocadas. Eu gostaria de destacar que n\u00e3o houve a devida informa\u00e7\u00e3o \u00e0 popula\u00e7\u00e3o sobre os novos meios de pagamento do estacionamento rotativo da zona azul. N\u00e3o h\u00e1 tamb\u00e9m equipes, o cidad\u00e3o chega, estaciona o carro, ele sai e quando ele volta \u00e9 notificado, n\u00e3o aparece ningu\u00e9m. Ent\u00e3o, esse decreto \u00e9 para ensejar que a empresa concession\u00e1ria venha conversar com o Governo. As normas existem, da\u00ed a concess\u00e3o, mas n\u00f3s queremos o cumprimento\u201d<\/em>, concluiu o prefeito.<\/p>\n","protected":false},"excerpt":{"rendered":"<p>Secom PMVC O prefeito Herzem Gusm\u00e3o decretou no fim da tarde desta segunda-feira, 31, a suspens\u00e3o tempor\u00e1ria da concess\u00e3o para a explora\u00e7\u00e3o da Zona Azul pelo Cons\u00f3rcio Vit\u00f3ria da Conquista Rotativo, conhecido como Expark. O decreto 18.034\/2017 pro\u00edbe a cobran\u00e7a de tarifa de estacionamento pelo prazo de 30 dias \u00fateis.\u00a0A decis\u00e3o foi tomada em raz\u00e3o [&hellip;]<\/p>\n","protected":false},"author":2,"featured_media":66805,"comment_status":"open","ping_status":"open","sticky":false,"template":"","format":"standard","meta":{"footnotes":"","_links_to":"","_links_to_target":""},"categories":[1],"tags":[],"class_list":["post-66804","post","type-post","status-publish","format-standard","has-post-thumbnail","hentry","category-geral"],"views":3848,"_links":{"self":[{"href":"https:\/\/www.sudoestehoje.com.br\/novoportal\/wp-json\/wp\/v2\/posts\/66804","targetHints":{"allow":["GET"]}}],"collection":[{"href":"https:\/\/www.sudoestehoje.com.br\/novoportal\/wp-json\/wp\/v2\/posts"}],"about":[{"href":"https:\/\/www.sudoestehoje.com.br\/novoportal\/wp-json\/wp\/v2\/types\/post"}],"author":[{"embeddable":true,"href":"https:\/\/www.sudoestehoje.com.br\/novoportal\/wp-json\/wp\/v2\/users\/2"}],"replies":[{"embeddable":true,"href":"https:\/\/www.sudoestehoje.com.br\/novoportal\/wp-json\/wp\/v2\/comments?post=66804"}],"version-history":[{"count":3,"href":"https:\/\/www.sudoestehoje.com.br\/novoportal\/wp-json\/wp\/v2\/posts\/66804\/revisions"}],"predecessor-version":[{"id":66808,"href":"https:\/\/www.sudoestehoje.com.br\/novoportal\/wp-json\/wp\/v2\/posts\/66804\/revisions\/66808"}],"wp:featuredmedia":[{"embeddable":true,"href":"https:\/\/www.sudoestehoje.com.br\/novoportal\/wp-json\/wp\/v2\/media\/66805"}],"wp:attachment":[{"href":"https:\/\/www.sudoestehoje.com.br\/novoportal\/wp-json\/wp\/v2\/media?parent=66804"}],"wp:term":[{"taxonomy":"category","embeddable":true,"href":"https:\/\/www.sudoestehoje.com.br\/novoportal\/wp-json\/wp\/v2\/categories?post=66804"},{"taxonomy":"post_tag","embeddable":true,"href":"https:\/\/www.sudoestehoje.com.br\/novoportal\/wp-json\/wp\/v2\/tags?post=66804"}],"curies":[{"name":"wp","href":"https:\/\/api.w.org\/{rel}","templated":true}]}}