
{"id":66798,"date":"2017-07-31T19:48:41","date_gmt":"2017-07-31T22:48:41","guid":{"rendered":"http:\/\/www.sudoestehoje.com.br\/novoportal\/?p=66798"},"modified":"2017-07-31T19:50:07","modified_gmt":"2017-07-31T22:50:07","slug":"itapetinga-apos-recesso-de-julho-camara-retoma-atividades-nesta-terca","status":"publish","type":"post","link":"https:\/\/www.sudoestehoje.com.br\/novoportal\/2017\/07\/31\/itapetinga-apos-recesso-de-julho-camara-retoma-atividades-nesta-terca\/","title":{"rendered":"ITAPETINGA: AP\u00d3S RECESSO DE JULHO, C\u00c2MARA RETOMA ATIVIDADES NESTA TER\u00c7A"},"content":{"rendered":"<p><strong><em>Por Davi Ferraz<\/em><\/strong><\/p>\n<p><a href=\"http:\/\/www.sudoestehoje.com.br\/novoportal\/wp-content\/uploads\/2017\/07\/camara.jpg\"><img loading=\"lazy\" decoding=\"async\" class=\"aligncenter wp-image-66799\" src=\"http:\/\/www.sudoestehoje.com.br\/novoportal\/wp-content\/uploads\/2017\/07\/camara.jpg\" alt=\"\" width=\"501\" height=\"295\" \/><\/a><\/p>\n<p>Com o fim do recesso parlamentar do m\u00eas de julho, a C\u00e2mara Municipal de Itapetinga retoma as suas atividades a partir desta ter\u00e7a-feira, 1\u00ba de agosto, na forma prevista no seu Regimento Interno.<\/p>\n<p>As atividades parlamentares ser\u00e3o reiniciadas j\u00e1 na quarta-feira (2), com a realiza\u00e7\u00e3o de sess\u00e3o ordin\u00e1ria, a partir das 19h.<\/p>\n<p>Neste segundo semestre a C\u00e2mara de Vereadores apreciar\u00e1 v\u00e1rios projetos de autoria do Poder Executivo, a exemplo do Plano Plurianual e da Lei Or\u00e7ament\u00e1ria, al\u00e9m das proposi\u00e7\u00f5es dos vereadores, como projetos de lei, indica\u00e7\u00f5es e requerimentos.<\/p>\n<p>A C\u00e2mara estar\u00e1 aberta ao p\u00fablico nesta ter\u00e7a, a partir das 8h.<\/p>\n","protected":false},"excerpt":{"rendered":"<p>Por Davi Ferraz Com o fim do recesso parlamentar do m\u00eas de julho, a C\u00e2mara Municipal de Itapetinga retoma as suas atividades a partir desta ter\u00e7a-feira, 1\u00ba de agosto, na forma prevista no seu Regimento Interno. As atividades parlamentares ser\u00e3o reiniciadas j\u00e1 na quarta-feira (2), com a realiza\u00e7\u00e3o de sess\u00e3o ordin\u00e1ria, a partir das 19h. [&hellip;]<\/p>\n","protected":false},"author":2,"featured_media":66799,"comment_status":"open","ping_status":"open","sticky":false,"template":"","format":"standard","meta":{"footnotes":"","_links_to":"","_links_to_target":""},"categories":[1],"tags":[],"class_list":["post-66798","post","type-post","status-publish","format-standard","has-post-thumbnail","hentry","category-geral"],"views":1359,"_links":{"self":[{"href":"https:\/\/www.sudoestehoje.com.br\/novoportal\/wp-json\/wp\/v2\/posts\/66798","targetHints":{"allow":["GET"]}}],"collection":[{"href":"https:\/\/www.sudoestehoje.com.br\/novoportal\/wp-json\/wp\/v2\/posts"}],"about":[{"href":"https:\/\/www.sudoestehoje.com.br\/novoportal\/wp-json\/wp\/v2\/types\/post"}],"author":[{"embeddable":true,"href":"https:\/\/www.sudoestehoje.com.br\/novoportal\/wp-json\/wp\/v2\/users\/2"}],"replies":[{"embeddable":true,"href":"https:\/\/www.sudoestehoje.com.br\/novoportal\/wp-json\/wp\/v2\/comments?post=66798"}],"version-history":[{"count":4,"href":"https:\/\/www.sudoestehoje.com.br\/novoportal\/wp-json\/wp\/v2\/posts\/66798\/revisions"}],"predecessor-version":[{"id":66803,"href":"https:\/\/www.sudoestehoje.com.br\/novoportal\/wp-json\/wp\/v2\/posts\/66798\/revisions\/66803"}],"wp:featuredmedia":[{"embeddable":true,"href":"https:\/\/www.sudoestehoje.com.br\/novoportal\/wp-json\/wp\/v2\/media\/66799"}],"wp:attachment":[{"href":"https:\/\/www.sudoestehoje.com.br\/novoportal\/wp-json\/wp\/v2\/media?parent=66798"}],"wp:term":[{"taxonomy":"category","embeddable":true,"href":"https:\/\/www.sudoestehoje.com.br\/novoportal\/wp-json\/wp\/v2\/categories?post=66798"},{"taxonomy":"post_tag","embeddable":true,"href":"https:\/\/www.sudoestehoje.com.br\/novoportal\/wp-json\/wp\/v2\/tags?post=66798"}],"curies":[{"name":"wp","href":"https:\/\/api.w.org\/{rel}","templated":true}]}}