
{"id":66794,"date":"2017-07-31T17:57:38","date_gmt":"2017-07-31T20:57:38","guid":{"rendered":"http:\/\/www.sudoestehoje.com.br\/novoportal\/?p=66794"},"modified":"2017-07-31T17:57:38","modified_gmt":"2017-07-31T20:57:38","slug":"lava-jato-mpf-entra-com-recurso-pedindo-para-aumentar-pena-de-lula","status":"publish","type":"post","link":"https:\/\/www.sudoestehoje.com.br\/novoportal\/2017\/07\/31\/lava-jato-mpf-entra-com-recurso-pedindo-para-aumentar-pena-de-lula\/","title":{"rendered":"LAVA JATO: MPF ENTRA COM RECURSO PEDINDO PARA AUMENTAR PENA DE LULA"},"content":{"rendered":"<p><a href=\"http:\/\/www.sudoestehoje.com.br\/novoportal\/wp-content\/uploads\/2017\/07\/LULA.jpg\"><img loading=\"lazy\" decoding=\"async\" class=\"aligncenter size-medium wp-image-66795\" src=\"http:\/\/www.sudoestehoje.com.br\/novoportal\/wp-content\/uploads\/2017\/07\/LULA-500x326.jpg\" alt=\"\" width=\"500\" height=\"326\" srcset=\"https:\/\/www.sudoestehoje.com.br\/novoportal\/wp-content\/uploads\/2017\/07\/LULA-500x326.jpg 500w, https:\/\/www.sudoestehoje.com.br\/novoportal\/wp-content\/uploads\/2017\/07\/LULA-768x501.jpg 768w, https:\/\/www.sudoestehoje.com.br\/novoportal\/wp-content\/uploads\/2017\/07\/LULA-700x456.jpg 700w, https:\/\/www.sudoestehoje.com.br\/novoportal\/wp-content\/uploads\/2017\/07\/LULA.jpg 980w\" sizes=\"auto, (max-width: 500px) 100vw, 500px\" \/><\/a><\/p>\n<p>O Minist\u00e9rio P\u00fablico Federal (MPF) recorreu nesta segunda-feira (31) da senten\u00e7a do juiz S\u00e9rgio Moro que condenou o ex-presidente Luiz In\u00e1cio Lula da Silva a 9 anos e seis meses de pris\u00e3o por corrup\u00e7\u00e3o passiva e lavagem de dinheiro, no processo do tr\u00edplex do Guaruj\u00e1, no \u00e2mbito da Opera\u00e7\u00e3o Lava Jato.<\/p>\n<p>Os procuradores pediram aumento da pena dos r\u00e9us, al\u00e9m da condena\u00e7\u00e3o do ex-presidente da OAS, L\u00e9o Pinheiro, do presidente do Instituto Lula, Paulo Okamoto, e do pr\u00f3prio Lula pelos mesmos crimes no caso do armazenamento do acervo presidencial. Moro havia absolvido os acusados por julgar \u201cfalta de prova suficiente da materialidade\u201d para conden\u00e1-los.<\/p>\n","protected":false},"excerpt":{"rendered":"<p>O Minist\u00e9rio P\u00fablico Federal (MPF) recorreu nesta segunda-feira (31) da senten\u00e7a do juiz S\u00e9rgio Moro que condenou o ex-presidente Luiz In\u00e1cio Lula da Silva a 9 anos e seis meses de pris\u00e3o por corrup\u00e7\u00e3o passiva e lavagem de dinheiro, no processo do tr\u00edplex do Guaruj\u00e1, no \u00e2mbito da Opera\u00e7\u00e3o Lava Jato. Os procuradores pediram aumento [&hellip;]<\/p>\n","protected":false},"author":2,"featured_media":66795,"comment_status":"open","ping_status":"open","sticky":false,"template":"","format":"standard","meta":{"footnotes":"","_links_to":"","_links_to_target":""},"categories":[1],"tags":[],"class_list":["post-66794","post","type-post","status-publish","format-standard","has-post-thumbnail","hentry","category-geral"],"views":1231,"_links":{"self":[{"href":"https:\/\/www.sudoestehoje.com.br\/novoportal\/wp-json\/wp\/v2\/posts\/66794","targetHints":{"allow":["GET"]}}],"collection":[{"href":"https:\/\/www.sudoestehoje.com.br\/novoportal\/wp-json\/wp\/v2\/posts"}],"about":[{"href":"https:\/\/www.sudoestehoje.com.br\/novoportal\/wp-json\/wp\/v2\/types\/post"}],"author":[{"embeddable":true,"href":"https:\/\/www.sudoestehoje.com.br\/novoportal\/wp-json\/wp\/v2\/users\/2"}],"replies":[{"embeddable":true,"href":"https:\/\/www.sudoestehoje.com.br\/novoportal\/wp-json\/wp\/v2\/comments?post=66794"}],"version-history":[{"count":2,"href":"https:\/\/www.sudoestehoje.com.br\/novoportal\/wp-json\/wp\/v2\/posts\/66794\/revisions"}],"predecessor-version":[{"id":66797,"href":"https:\/\/www.sudoestehoje.com.br\/novoportal\/wp-json\/wp\/v2\/posts\/66794\/revisions\/66797"}],"wp:featuredmedia":[{"embeddable":true,"href":"https:\/\/www.sudoestehoje.com.br\/novoportal\/wp-json\/wp\/v2\/media\/66795"}],"wp:attachment":[{"href":"https:\/\/www.sudoestehoje.com.br\/novoportal\/wp-json\/wp\/v2\/media?parent=66794"}],"wp:term":[{"taxonomy":"category","embeddable":true,"href":"https:\/\/www.sudoestehoje.com.br\/novoportal\/wp-json\/wp\/v2\/categories?post=66794"},{"taxonomy":"post_tag","embeddable":true,"href":"https:\/\/www.sudoestehoje.com.br\/novoportal\/wp-json\/wp\/v2\/tags?post=66794"}],"curies":[{"name":"wp","href":"https:\/\/api.w.org\/{rel}","templated":true}]}}