
{"id":66770,"date":"2017-07-28T21:23:12","date_gmt":"2017-07-29T00:23:12","guid":{"rendered":"http:\/\/www.sudoestehoje.com.br\/novoportal\/?p=66770"},"modified":"2017-07-28T21:23:12","modified_gmt":"2017-07-29T00:23:12","slug":"bancada-baiana-do-psd-na-camara-ainda-vai-definir-voto-sobre-denuncia-contra-temer","status":"publish","type":"post","link":"https:\/\/www.sudoestehoje.com.br\/novoportal\/2017\/07\/28\/bancada-baiana-do-psd-na-camara-ainda-vai-definir-voto-sobre-denuncia-contra-temer\/","title":{"rendered":"BANCADA BAIANA DO PSD NA C\u00c2MARA AINDA VAI DEFINIR VOTO SOBRE DEN\u00daNCIA CONTRA TEMER"},"content":{"rendered":"<p><a href=\"http:\/\/www.sudoestehoje.com.br\/novoportal\/wp-content\/uploads\/2017\/07\/antonio-brito-18-05-2016-1.jpg\"><img loading=\"lazy\" decoding=\"async\" class=\"aligncenter size-medium wp-image-66772\" src=\"http:\/\/www.sudoestehoje.com.br\/novoportal\/wp-content\/uploads\/2017\/07\/antonio-brito-18-05-2016-1-500x331.jpg\" alt=\"\" width=\"500\" height=\"331\" srcset=\"https:\/\/www.sudoestehoje.com.br\/novoportal\/wp-content\/uploads\/2017\/07\/antonio-brito-18-05-2016-1-500x331.jpg 500w, https:\/\/www.sudoestehoje.com.br\/novoportal\/wp-content\/uploads\/2017\/07\/antonio-brito-18-05-2016-1.jpg 620w\" sizes=\"auto, (max-width: 500px) 100vw, 500px\" \/><\/a><\/p>\n<p>O deputado federal Antonio Brito (PSD) disse nesta sexta-feira (28) que a bancada baiana do partido ainda vai definir o seu posicionamento quanto \u00e0 den\u00fancia oferecida pela Procuradoria-Geral da Rep\u00fablica (PGR) contra o presidente Michel Temer pelo crime de corrup\u00e7\u00e3o passiva.<\/p>\n<p>O parlamentar disse que ainda vai discutir o caso com o senador Otto Alencar e o ministro Gilberto Kassab, presidente estadual e nacional do PSD, respectivamente. &#8220;A partir dessa semana vamos verificar todos os detalhes da den\u00fancia e do relat\u00f3rio da CCJ para dar o nosso veredito juntamente com os demais colegas da Bahia&#8221;, declarou.<\/p>\n<p>Al\u00e9m de Brito, tamb\u00e9m comp\u00f5em a bancada baiana do partido os deputados Jos\u00e9 Nunes, Paulo Magalh\u00e3es e S\u00e9rgio Brito. Nacionalmente o partido j\u00e1 fechou quest\u00e3o contra a den\u00fancia da PGR e a favor de Temer.<\/p>\n","protected":false},"excerpt":{"rendered":"<p>O deputado federal Antonio Brito (PSD) disse nesta sexta-feira (28) que a bancada baiana do partido ainda vai definir o seu posicionamento quanto \u00e0 den\u00fancia oferecida pela Procuradoria-Geral da Rep\u00fablica (PGR) contra o presidente Michel Temer pelo crime de corrup\u00e7\u00e3o passiva. O parlamentar disse que ainda vai discutir o caso com o senador Otto Alencar [&hellip;]<\/p>\n","protected":false},"author":2,"featured_media":66772,"comment_status":"open","ping_status":"open","sticky":false,"template":"","format":"standard","meta":{"footnotes":"","_links_to":"","_links_to_target":""},"categories":[1],"tags":[],"class_list":["post-66770","post","type-post","status-publish","format-standard","has-post-thumbnail","hentry","category-geral"],"views":1418,"_links":{"self":[{"href":"https:\/\/www.sudoestehoje.com.br\/novoportal\/wp-json\/wp\/v2\/posts\/66770","targetHints":{"allow":["GET"]}}],"collection":[{"href":"https:\/\/www.sudoestehoje.com.br\/novoportal\/wp-json\/wp\/v2\/posts"}],"about":[{"href":"https:\/\/www.sudoestehoje.com.br\/novoportal\/wp-json\/wp\/v2\/types\/post"}],"author":[{"embeddable":true,"href":"https:\/\/www.sudoestehoje.com.br\/novoportal\/wp-json\/wp\/v2\/users\/2"}],"replies":[{"embeddable":true,"href":"https:\/\/www.sudoestehoje.com.br\/novoportal\/wp-json\/wp\/v2\/comments?post=66770"}],"version-history":[{"count":1,"href":"https:\/\/www.sudoestehoje.com.br\/novoportal\/wp-json\/wp\/v2\/posts\/66770\/revisions"}],"predecessor-version":[{"id":66773,"href":"https:\/\/www.sudoestehoje.com.br\/novoportal\/wp-json\/wp\/v2\/posts\/66770\/revisions\/66773"}],"wp:featuredmedia":[{"embeddable":true,"href":"https:\/\/www.sudoestehoje.com.br\/novoportal\/wp-json\/wp\/v2\/media\/66772"}],"wp:attachment":[{"href":"https:\/\/www.sudoestehoje.com.br\/novoportal\/wp-json\/wp\/v2\/media?parent=66770"}],"wp:term":[{"taxonomy":"category","embeddable":true,"href":"https:\/\/www.sudoestehoje.com.br\/novoportal\/wp-json\/wp\/v2\/categories?post=66770"},{"taxonomy":"post_tag","embeddable":true,"href":"https:\/\/www.sudoestehoje.com.br\/novoportal\/wp-json\/wp\/v2\/tags?post=66770"}],"curies":[{"name":"wp","href":"https:\/\/api.w.org\/{rel}","templated":true}]}}