
{"id":6677,"date":"2011-07-12T10:53:37","date_gmt":"2011-07-12T13:53:37","guid":{"rendered":"http:\/\/www.sudoestehoje.com.br\/novoportal\/?p=6677"},"modified":"2011-07-12T11:07:12","modified_gmt":"2011-07-12T14:07:12","slug":"belo-campo-ainda-sofre-com-a-falta-de-agua","status":"publish","type":"post","link":"https:\/\/www.sudoestehoje.com.br\/novoportal\/2011\/07\/12\/belo-campo-ainda-sofre-com-a-falta-de-agua\/","title":{"rendered":"BELO CAMPO AINDA SOFRE COM A FALTA DE \u00c1GUA"},"content":{"rendered":"<p style=\"text-align: center;\"><a href=\"http:\/\/www.sudoestehoje.com.br\/novoportal\/wp-content\/uploads\/2011\/07\/Belo-Campo.jpg\"><img loading=\"lazy\" decoding=\"async\" class=\"size-full wp-image-6678  aligncenter\" title=\"Belo Campo\" src=\"http:\/\/www.sudoestehoje.com.br\/novoportal\/wp-content\/uploads\/2011\/07\/Belo-Campo.jpg\" alt=\"\" width=\"500\" height=\"375\" \/><\/a><\/p>\n<p style=\"text-align: center;\"><em><strong>Popula\u00e7\u00e3o de Belo Campo se abastece com \u00e1gua de cisterna ou mineral<\/strong><\/em><\/p>\n<p>\u00a0<\/p>\n<p>BELO CAMPO: Desde a sua funda\u00e7\u00e3o, a cidade de Belo Campo,\u00a0localizada da micro-regi\u00e3o de Vit\u00f3ria da Conquista,\u00a0sofre com a falta de \u00e1gua pot\u00e1vel, sendo abastecida atrav\u00e9s de po\u00e7os artesianos e cisternas, o que \u00e9\u00a0inadmiss\u00edvel, nos tempos atuais.<\/p>\n<p>Enquanto a popula\u00e7\u00e3o\u00a0aguarda pela \u00e1gua da Embasa\u00a0que nunca chega, as promessas pol\u00edticas se repetem. No atual governo, uma rede da Embasa, interligando o sistema a abastecimento de Vit\u00f3ria da Conquista\u00a0a\u00a0Belo Campo, foi constru\u00edda h\u00e1 mais de tr\u00eas anos mas nunca funcionou, gerando revolta na cidade e at\u00e9 nos meios pol\u00edticos locais.<\/p>\n<p>A rede da Embasa, que\u00a0j\u00e1 chegou at\u00e9 a funcionar\u00a0por pouco tempo, foi inexplicavelmente desligada, sob o pretexto de que est\u00e1 em &#8220;manuten\u00e7\u00e3o&#8221;. Enquanto a Embasa continua a fazer &#8220;testes&#8221; na rede, a sociedade belocampense j\u00e1 se organiza para a realiza\u00e7\u00e3o de protestos, \u00a0na porta do escrit\u00f3rio regional da Embasa em Vit\u00f3ria da Conquista.<\/p>\n<p><em><strong>Da REDA\u00c7\u00c3O<\/strong><\/em><\/p>\n","protected":false},"excerpt":{"rendered":"<p>Popula\u00e7\u00e3o de Belo Campo se abastece com \u00e1gua de cisterna ou mineral \u00a0 BELO CAMPO: Desde a sua funda\u00e7\u00e3o, a cidade de Belo Campo,\u00a0localizada da micro-regi\u00e3o de Vit\u00f3ria da Conquista,\u00a0sofre com a falta de \u00e1gua pot\u00e1vel, sendo abastecida atrav\u00e9s de po\u00e7os artesianos e cisternas, o que \u00e9\u00a0inadmiss\u00edvel, nos tempos atuais. Enquanto a popula\u00e7\u00e3o\u00a0aguarda pela \u00e1gua [&hellip;]<\/p>\n","protected":false},"author":2,"featured_media":0,"comment_status":"open","ping_status":"open","sticky":false,"template":"","format":"standard","meta":{"footnotes":"","_links_to":"","_links_to_target":""},"categories":[1],"tags":[],"class_list":["post-6677","post","type-post","status-publish","format-standard","hentry","category-geral"],"views":2578,"_links":{"self":[{"href":"https:\/\/www.sudoestehoje.com.br\/novoportal\/wp-json\/wp\/v2\/posts\/6677","targetHints":{"allow":["GET"]}}],"collection":[{"href":"https:\/\/www.sudoestehoje.com.br\/novoportal\/wp-json\/wp\/v2\/posts"}],"about":[{"href":"https:\/\/www.sudoestehoje.com.br\/novoportal\/wp-json\/wp\/v2\/types\/post"}],"author":[{"embeddable":true,"href":"https:\/\/www.sudoestehoje.com.br\/novoportal\/wp-json\/wp\/v2\/users\/2"}],"replies":[{"embeddable":true,"href":"https:\/\/www.sudoestehoje.com.br\/novoportal\/wp-json\/wp\/v2\/comments?post=6677"}],"version-history":[{"count":9,"href":"https:\/\/www.sudoestehoje.com.br\/novoportal\/wp-json\/wp\/v2\/posts\/6677\/revisions"}],"predecessor-version":[{"id":6685,"href":"https:\/\/www.sudoestehoje.com.br\/novoportal\/wp-json\/wp\/v2\/posts\/6677\/revisions\/6685"}],"wp:attachment":[{"href":"https:\/\/www.sudoestehoje.com.br\/novoportal\/wp-json\/wp\/v2\/media?parent=6677"}],"wp:term":[{"taxonomy":"category","embeddable":true,"href":"https:\/\/www.sudoestehoje.com.br\/novoportal\/wp-json\/wp\/v2\/categories?post=6677"},{"taxonomy":"post_tag","embeddable":true,"href":"https:\/\/www.sudoestehoje.com.br\/novoportal\/wp-json\/wp\/v2\/tags?post=6677"}],"curies":[{"name":"wp","href":"https:\/\/api.w.org\/{rel}","templated":true}]}}