
{"id":66749,"date":"2017-07-27T13:43:23","date_gmt":"2017-07-27T16:43:23","guid":{"rendered":"http:\/\/www.sudoestehoje.com.br\/novoportal\/?p=66749"},"modified":"2017-07-27T20:44:11","modified_gmt":"2017-07-27T23:44:11","slug":"bahia-seis-pessoas-morrem-apos-batida-frontal-entre-dois-carros-na-br-324","status":"publish","type":"post","link":"https:\/\/www.sudoestehoje.com.br\/novoportal\/2017\/07\/27\/bahia-seis-pessoas-morrem-apos-batida-frontal-entre-dois-carros-na-br-324\/","title":{"rendered":"BAHIA: SEIS PESSOAS MORREM AP\u00d3S BATIDA FRONTAL ENTRE DOIS CARROS NA BR-324"},"content":{"rendered":"<div class=\"mc-column content-text active-extra-styles active-capital-letter\" data-block-type=\"unstyled\" data-block-weight=\"47\">\n<p class=\"content-text__container theme-color-primary-first-letter\" data-track-category=\"Link no Texto\" data-track-links=\"\"><a href=\"http:\/\/www.sudoestehoje.com.br\/novoportal\/wp-content\/uploads\/2017\/07\/acidente-estrada.jpg\"><img loading=\"lazy\" decoding=\"async\" class=\"aligncenter size-medium wp-image-66751\" src=\"http:\/\/www.sudoestehoje.com.br\/novoportal\/wp-content\/uploads\/2017\/07\/acidente-estrada-500x283.jpg\" alt=\"\" width=\"500\" height=\"283\" srcset=\"https:\/\/www.sudoestehoje.com.br\/novoportal\/wp-content\/uploads\/2017\/07\/acidente-estrada-500x283.jpg 500w, https:\/\/www.sudoestehoje.com.br\/novoportal\/wp-content\/uploads\/2017\/07\/acidente-estrada.jpg 640w\" sizes=\"auto, (max-width: 500px) 100vw, 500px\" \/><\/a><\/p>\n<p class=\"content-text__container theme-color-primary-first-letter\" data-track-category=\"Link no Texto\" data-track-links=\"\">Seis pessoas morreram em uma batida frontal entre dois carros, por volta das 10h desta quinta-feira (27), na BR-324. De acordo com informa\u00e7\u00f5es da Pol\u00edcia Rodovi\u00e1ria Federal (PRF), o acidente ocorreu no KM-465 da rodovia, trecho da cidade de Tanquinho, a cerca de 161 km de Salvador.<\/p>\n<\/div>\n<div class=\"mc-column content-text active-extra-styles \" data-block-type=\"unstyled\" data-block-weight=\"54\">\n<p class=\"content-text__container \" data-track-category=\"Link no Texto\" data-track-links=\"\">Conforme a PRF, a batida envolveu um um Fiat Uno e um GM\/ Vectra. Os ve\u00edculos ficaram destru\u00eddos. Quatro das v\u00edtimas estavam no GM\/ Vectra. Ainda n\u00e3o foi confirmado se as outras duas v\u00edtimas estavam no Uno. Os corpos ser\u00e3o encaminhados para o Departamento de Pol\u00edcia T\u00e9cnica de Feira de Santana, onde ser\u00e3o periciados.<\/p>\n<p class=\"content-text__container \" data-track-category=\"Link no Texto\" data-track-links=\"\"><a href=\"http:\/\/www.sudoestehoje.com.br\/novoportal\/wp-content\/uploads\/2017\/07\/foto10.jpg\"><img loading=\"lazy\" decoding=\"async\" class=\"aligncenter size-medium wp-image-66752\" src=\"http:\/\/www.sudoestehoje.com.br\/novoportal\/wp-content\/uploads\/2017\/07\/foto10-500x313.jpg\" alt=\"\" width=\"500\" height=\"313\" srcset=\"https:\/\/www.sudoestehoje.com.br\/novoportal\/wp-content\/uploads\/2017\/07\/foto10-500x313.jpg 500w, https:\/\/www.sudoestehoje.com.br\/novoportal\/wp-content\/uploads\/2017\/07\/foto10.jpg 640w\" sizes=\"auto, (max-width: 500px) 100vw, 500px\" \/><\/a><\/p>\n<\/div>\n<div class=\"mc-column content-text active-extra-styles \" data-block-type=\"unstyled\" data-block-weight=\"42\">\n<p class=\"content-text__container \" data-track-category=\"Link no Texto\" data-track-links=\"\">Ap\u00f3s a batida, o tr\u00e2nsito ficou congestionado no trecho da rodovia. Policiais rodovi\u00e1rios foram deslocados para atender a ocorr\u00eancia. A pol\u00edcia ainda n\u00e3o tem informa\u00e7\u00f5es sobre as circunst\u00e2ncias do acidente ainda n\u00e3o estavam confirmadas. N\u00e3o h\u00e1 detalhes sobre a identidade das v\u00edtimas.<\/p>\n<\/div>\n","protected":false},"excerpt":{"rendered":"<p>Seis pessoas morreram em uma batida frontal entre dois carros, por volta das 10h desta quinta-feira (27), na BR-324. De acordo com informa\u00e7\u00f5es da Pol\u00edcia Rodovi\u00e1ria Federal (PRF), o acidente ocorreu no KM-465 da rodovia, trecho da cidade de Tanquinho, a cerca de 161 km de Salvador. Conforme a PRF, a batida envolveu um um [&hellip;]<\/p>\n","protected":false},"author":2,"featured_media":66751,"comment_status":"open","ping_status":"open","sticky":false,"template":"","format":"standard","meta":{"footnotes":"","_links_to":"","_links_to_target":""},"categories":[1],"tags":[],"class_list":["post-66749","post","type-post","status-publish","format-standard","has-post-thumbnail","hentry","category-geral"],"views":8777,"_links":{"self":[{"href":"https:\/\/www.sudoestehoje.com.br\/novoportal\/wp-json\/wp\/v2\/posts\/66749","targetHints":{"allow":["GET"]}}],"collection":[{"href":"https:\/\/www.sudoestehoje.com.br\/novoportal\/wp-json\/wp\/v2\/posts"}],"about":[{"href":"https:\/\/www.sudoestehoje.com.br\/novoportal\/wp-json\/wp\/v2\/types\/post"}],"author":[{"embeddable":true,"href":"https:\/\/www.sudoestehoje.com.br\/novoportal\/wp-json\/wp\/v2\/users\/2"}],"replies":[{"embeddable":true,"href":"https:\/\/www.sudoestehoje.com.br\/novoportal\/wp-json\/wp\/v2\/comments?post=66749"}],"version-history":[{"count":2,"href":"https:\/\/www.sudoestehoje.com.br\/novoportal\/wp-json\/wp\/v2\/posts\/66749\/revisions"}],"predecessor-version":[{"id":66753,"href":"https:\/\/www.sudoestehoje.com.br\/novoportal\/wp-json\/wp\/v2\/posts\/66749\/revisions\/66753"}],"wp:featuredmedia":[{"embeddable":true,"href":"https:\/\/www.sudoestehoje.com.br\/novoportal\/wp-json\/wp\/v2\/media\/66751"}],"wp:attachment":[{"href":"https:\/\/www.sudoestehoje.com.br\/novoportal\/wp-json\/wp\/v2\/media?parent=66749"}],"wp:term":[{"taxonomy":"category","embeddable":true,"href":"https:\/\/www.sudoestehoje.com.br\/novoportal\/wp-json\/wp\/v2\/categories?post=66749"},{"taxonomy":"post_tag","embeddable":true,"href":"https:\/\/www.sudoestehoje.com.br\/novoportal\/wp-json\/wp\/v2\/tags?post=66749"}],"curies":[{"name":"wp","href":"https:\/\/api.w.org\/{rel}","templated":true}]}}