
{"id":66734,"date":"2017-07-26T20:16:56","date_gmt":"2017-07-26T23:16:56","guid":{"rendered":"http:\/\/www.sudoestehoje.com.br\/novoportal\/?p=66734"},"modified":"2017-07-26T20:16:56","modified_gmt":"2017-07-26T23:16:56","slug":"preco-alto-da-gasolina-e-mantido","status":"publish","type":"post","link":"https:\/\/www.sudoestehoje.com.br\/novoportal\/2017\/07\/26\/preco-alto-da-gasolina-e-mantido\/","title":{"rendered":"PRE\u00c7O ALTO DA GASOLINA \u00c9 MANTIDO"},"content":{"rendered":"<div class=\"mc-column content-text active-extra-styles active-capital-letter\" data-block-type=\"unstyled\" data-block-weight=\"29\">\n<p class=\"content-text__container theme-color-primary-first-letter\" data-track-category=\"Link no Texto\" data-track-links=\"\"><a href=\"http:\/\/www.sudoestehoje.com.br\/novoportal\/wp-content\/uploads\/2017\/07\/p1.jpg\"><img loading=\"lazy\" decoding=\"async\" class=\"aligncenter size-medium wp-image-66673\" src=\"http:\/\/www.sudoestehoje.com.br\/novoportal\/wp-content\/uploads\/2017\/07\/p1-500x300.jpg\" alt=\"\" width=\"500\" height=\"300\" srcset=\"https:\/\/www.sudoestehoje.com.br\/novoportal\/wp-content\/uploads\/2017\/07\/p1-500x300.jpg 500w, https:\/\/www.sudoestehoje.com.br\/novoportal\/wp-content\/uploads\/2017\/07\/p1-768x461.jpg 768w, https:\/\/www.sudoestehoje.com.br\/novoportal\/wp-content\/uploads\/2017\/07\/p1-700x420.jpg 700w, https:\/\/www.sudoestehoje.com.br\/novoportal\/wp-content\/uploads\/2017\/07\/p1.jpg 960w\" sizes=\"auto, (max-width: 500px) 100vw, 500px\" \/><\/a><\/p>\n<p class=\"content-text__container theme-color-primary-first-letter\" data-track-category=\"Link no Texto\" data-track-links=\"\">N\u00e3o durou muito a alegria dos consumidores de todo o Brasil, diante da decis\u00e3o judicial que suspendeu o aumento dos combust\u00edveis decretado pelo governo.<\/p>\n<p class=\"content-text__container theme-color-primary-first-letter\" data-track-category=\"Link no Texto\" data-track-links=\"\">Na tarde desta quarta-feira (26), o desembargador Hilton Queiroz, presidente do Tribunal Regional Federal da Primeira Regi\u00e3o (TRF-1), derrubou a decis\u00e3o judicial que havia\u00a0suspendido o aumento, e os pre\u00e7os altos foram mantidos.<\/p>\n<\/div>\n<div class=\"mc-column content-text active-extra-styles \" data-block-type=\"unstyled\" data-block-weight=\"28\">\n<p class=\"content-text__container \" data-track-category=\"Link no Texto\" data-track-links=\"\">Com a decis\u00e3o do desembargador, volta a valer o decreto do presidente Michel Temer que\u00a0elevou a al\u00edquota de PIS\/Cofins\u00a0sobre a gasolina, o diesel e o etanol.<\/p>\n<\/div>\n<div class=\"mc-column content-text active-extra-styles \" data-block-type=\"unstyled\" data-block-weight=\"29\">\n<p class=\"content-text__container \" data-track-category=\"Link no Texto\" data-track-links=\"\">A tributa\u00e7\u00e3o sobre a\u00a0gasolina subiu R$ 0,41\u00a0por litro; a tributa\u00e7\u00e3o sobre o\u00a0diesel, R$ 0,21\u00a0por litro; e o imposto sobre o\u00a0etanol, R$ 0,20\u00a0por litro.<\/p>\n<\/div>\n","protected":false},"excerpt":{"rendered":"<p>N\u00e3o durou muito a alegria dos consumidores de todo o Brasil, diante da decis\u00e3o judicial que suspendeu o aumento dos combust\u00edveis decretado pelo governo. Na tarde desta quarta-feira (26), o desembargador Hilton Queiroz, presidente do Tribunal Regional Federal da Primeira Regi\u00e3o (TRF-1), derrubou a decis\u00e3o judicial que havia\u00a0suspendido o aumento, e os pre\u00e7os altos foram [&hellip;]<\/p>\n","protected":false},"author":2,"featured_media":66673,"comment_status":"open","ping_status":"open","sticky":false,"template":"","format":"standard","meta":{"footnotes":"","_links_to":"","_links_to_target":""},"categories":[1],"tags":[],"class_list":["post-66734","post","type-post","status-publish","format-standard","has-post-thumbnail","hentry","category-geral"],"views":2038,"_links":{"self":[{"href":"https:\/\/www.sudoestehoje.com.br\/novoportal\/wp-json\/wp\/v2\/posts\/66734","targetHints":{"allow":["GET"]}}],"collection":[{"href":"https:\/\/www.sudoestehoje.com.br\/novoportal\/wp-json\/wp\/v2\/posts"}],"about":[{"href":"https:\/\/www.sudoestehoje.com.br\/novoportal\/wp-json\/wp\/v2\/types\/post"}],"author":[{"embeddable":true,"href":"https:\/\/www.sudoestehoje.com.br\/novoportal\/wp-json\/wp\/v2\/users\/2"}],"replies":[{"embeddable":true,"href":"https:\/\/www.sudoestehoje.com.br\/novoportal\/wp-json\/wp\/v2\/comments?post=66734"}],"version-history":[{"count":1,"href":"https:\/\/www.sudoestehoje.com.br\/novoportal\/wp-json\/wp\/v2\/posts\/66734\/revisions"}],"predecessor-version":[{"id":66735,"href":"https:\/\/www.sudoestehoje.com.br\/novoportal\/wp-json\/wp\/v2\/posts\/66734\/revisions\/66735"}],"wp:featuredmedia":[{"embeddable":true,"href":"https:\/\/www.sudoestehoje.com.br\/novoportal\/wp-json\/wp\/v2\/media\/66673"}],"wp:attachment":[{"href":"https:\/\/www.sudoestehoje.com.br\/novoportal\/wp-json\/wp\/v2\/media?parent=66734"}],"wp:term":[{"taxonomy":"category","embeddable":true,"href":"https:\/\/www.sudoestehoje.com.br\/novoportal\/wp-json\/wp\/v2\/categories?post=66734"},{"taxonomy":"post_tag","embeddable":true,"href":"https:\/\/www.sudoestehoje.com.br\/novoportal\/wp-json\/wp\/v2\/tags?post=66734"}],"curies":[{"name":"wp","href":"https:\/\/api.w.org\/{rel}","templated":true}]}}