
{"id":66728,"date":"2017-07-26T12:01:14","date_gmt":"2017-07-26T15:01:14","guid":{"rendered":"http:\/\/www.sudoestehoje.com.br\/novoportal\/?p=66728"},"modified":"2017-07-26T19:02:47","modified_gmt":"2017-07-26T22:02:47","slug":"itapetinga-acordo-encerra-greve-dos-professores-da-rede-municipal","status":"publish","type":"post","link":"https:\/\/www.sudoestehoje.com.br\/novoportal\/2017\/07\/26\/itapetinga-acordo-encerra-greve-dos-professores-da-rede-municipal\/","title":{"rendered":"ITAPETINGA: ACORDO ENCERRA GREVE DOS PROFESSORES DA REDE MUNICIPAL"},"content":{"rendered":"<p><em><strong><a href=\"http:\/\/www.sudoestehoje.com.br\/novoportal\/wp-content\/uploads\/2017\/07\/FIM-DA-GREVE.jpg\"><img loading=\"lazy\" decoding=\"async\" class=\"aligncenter size-medium wp-image-66731\" src=\"http:\/\/www.sudoestehoje.com.br\/novoportal\/wp-content\/uploads\/2017\/07\/FIM-DA-GREVE-500x307.jpg\" alt=\"\" width=\"500\" height=\"307\" srcset=\"https:\/\/www.sudoestehoje.com.br\/novoportal\/wp-content\/uploads\/2017\/07\/FIM-DA-GREVE-500x307.jpg 500w, https:\/\/www.sudoestehoje.com.br\/novoportal\/wp-content\/uploads\/2017\/07\/FIM-DA-GREVE-768x472.jpg 768w, https:\/\/www.sudoestehoje.com.br\/novoportal\/wp-content\/uploads\/2017\/07\/FIM-DA-GREVE-700x430.jpg 700w, https:\/\/www.sudoestehoje.com.br\/novoportal\/wp-content\/uploads\/2017\/07\/FIM-DA-GREVE.jpg 960w\" sizes=\"auto, (max-width: 500px) 100vw, 500px\" \/><\/a><\/strong><\/em><\/p>\n<p>Um acordo celebrado entre a prefeitura de Itapetinga e a APLB, encerrou a greve dos professores da rede municipal de ensino, que j\u00e1 perdurava por 8 dias.<\/p>\n<p>Ap\u00f3s algumas rodadas de negocia\u00e7\u00f5es, \u00a0as partes chegaram a um consenso, com os servidores da educa\u00e7\u00e3o aceitando o reajuste de 5,58% proposto pela prefeitura, a partir de junho deste ano.<\/p>\n<p>Com o acordo, as aulas nas escolas municipais ser\u00e3o retomadas nesta quinta-feira (27).<\/p>\n","protected":false},"excerpt":{"rendered":"<p>Um acordo celebrado entre a prefeitura de Itapetinga e a APLB, encerrou a greve dos professores da rede municipal de ensino, que j\u00e1 perdurava por 8 dias. Ap\u00f3s algumas rodadas de negocia\u00e7\u00f5es, \u00a0as partes chegaram a um consenso, com os servidores da educa\u00e7\u00e3o aceitando o reajuste de 5,58% proposto pela prefeitura, a partir de junho [&hellip;]<\/p>\n","protected":false},"author":2,"featured_media":66731,"comment_status":"open","ping_status":"open","sticky":false,"template":"","format":"standard","meta":{"footnotes":"","_links_to":"","_links_to_target":""},"categories":[1],"tags":[],"class_list":["post-66728","post","type-post","status-publish","format-standard","has-post-thumbnail","hentry","category-geral"],"views":1768,"_links":{"self":[{"href":"https:\/\/www.sudoestehoje.com.br\/novoportal\/wp-json\/wp\/v2\/posts\/66728","targetHints":{"allow":["GET"]}}],"collection":[{"href":"https:\/\/www.sudoestehoje.com.br\/novoportal\/wp-json\/wp\/v2\/posts"}],"about":[{"href":"https:\/\/www.sudoestehoje.com.br\/novoportal\/wp-json\/wp\/v2\/types\/post"}],"author":[{"embeddable":true,"href":"https:\/\/www.sudoestehoje.com.br\/novoportal\/wp-json\/wp\/v2\/users\/2"}],"replies":[{"embeddable":true,"href":"https:\/\/www.sudoestehoje.com.br\/novoportal\/wp-json\/wp\/v2\/comments?post=66728"}],"version-history":[{"count":3,"href":"https:\/\/www.sudoestehoje.com.br\/novoportal\/wp-json\/wp\/v2\/posts\/66728\/revisions"}],"predecessor-version":[{"id":66733,"href":"https:\/\/www.sudoestehoje.com.br\/novoportal\/wp-json\/wp\/v2\/posts\/66728\/revisions\/66733"}],"wp:featuredmedia":[{"embeddable":true,"href":"https:\/\/www.sudoestehoje.com.br\/novoportal\/wp-json\/wp\/v2\/media\/66731"}],"wp:attachment":[{"href":"https:\/\/www.sudoestehoje.com.br\/novoportal\/wp-json\/wp\/v2\/media?parent=66728"}],"wp:term":[{"taxonomy":"category","embeddable":true,"href":"https:\/\/www.sudoestehoje.com.br\/novoportal\/wp-json\/wp\/v2\/categories?post=66728"},{"taxonomy":"post_tag","embeddable":true,"href":"https:\/\/www.sudoestehoje.com.br\/novoportal\/wp-json\/wp\/v2\/tags?post=66728"}],"curies":[{"name":"wp","href":"https:\/\/api.w.org\/{rel}","templated":true}]}}