
{"id":66725,"date":"2017-07-26T09:40:33","date_gmt":"2017-07-26T12:40:33","guid":{"rendered":"http:\/\/www.sudoestehoje.com.br\/novoportal\/?p=66725"},"modified":"2017-07-26T16:45:44","modified_gmt":"2017-07-26T19:45:44","slug":"morre-em-vitoria-da-conquista-o-desportista-itapetinguense-cabelo","status":"publish","type":"post","link":"https:\/\/www.sudoestehoje.com.br\/novoportal\/2017\/07\/26\/morre-em-vitoria-da-conquista-o-desportista-itapetinguense-cabelo\/","title":{"rendered":"MORRE EM VIT\u00d3RIA DA CONQUISTA O DESPORTISTA ITAPETINGUENSE &#8220;CABELO&#8221;"},"content":{"rendered":"<p><a href=\"http:\/\/www.sudoestehoje.com.br\/novoportal\/wp-content\/uploads\/2017\/07\/cabelo.jpg\"><img loading=\"lazy\" decoding=\"async\" class=\"aligncenter size-medium wp-image-66726\" src=\"http:\/\/www.sudoestehoje.com.br\/novoportal\/wp-content\/uploads\/2017\/07\/cabelo-500x505.jpg\" alt=\"\" width=\"500\" height=\"505\" srcset=\"https:\/\/www.sudoestehoje.com.br\/novoportal\/wp-content\/uploads\/2017\/07\/cabelo-500x505.jpg 500w, https:\/\/www.sudoestehoje.com.br\/novoportal\/wp-content\/uploads\/2017\/07\/cabelo-768x776.jpg 768w, https:\/\/www.sudoestehoje.com.br\/novoportal\/wp-content\/uploads\/2017\/07\/cabelo-700x707.jpg 700w, https:\/\/www.sudoestehoje.com.br\/novoportal\/wp-content\/uploads\/2017\/07\/cabelo.jpg 950w\" sizes=\"auto, (max-width: 500px) 100vw, 500px\" \/><\/a><\/p>\n<p>Faleceu, na manh\u00e3 desta quarta-feira (26) em Vit\u00f3ria da Conquista, o desportista itapetinguense Arnaldo Coelho, 57 anos, conhecido popularmente por \u201cCABELO\u201d.<\/p>\n<p>Ex-presidente da LADI, no per\u00edodo em que a sele\u00e7\u00e3o de futebol de Itapetinga foi bicampe\u00e3 do Campeonato Intermunicipal, nos anos de 1995 e 1996, cabelo foi tamb\u00e9m colunista de esportes no Jornal Dimens\u00e3o e servidor da Comutran.<\/p>\n<p>Com a sua morte prematura, Cabelo deixa\u00a0dois filhos com sua esposa Leila Aureliana Neres Coelho, colaboradora do SAAE.<\/p>\n<p>O Sudoeste Hoje manifesta o seu imenso pesar pela perda irrepar\u00e1vel do amigo Cabelo, figura querida em Itapetinga e regi\u00e3o.<\/p>\n<p><strong><em>Davi Ferraz &#8211; Editor<\/em><\/strong><\/p>\n","protected":false},"excerpt":{"rendered":"<p>Faleceu, na manh\u00e3 desta quarta-feira (26) em Vit\u00f3ria da Conquista, o desportista itapetinguense Arnaldo Coelho, 57 anos, conhecido popularmente por \u201cCABELO\u201d. Ex-presidente da LADI, no per\u00edodo em que a sele\u00e7\u00e3o de futebol de Itapetinga foi bicampe\u00e3 do Campeonato Intermunicipal, nos anos de 1995 e 1996, cabelo foi tamb\u00e9m colunista de esportes no Jornal Dimens\u00e3o e [&hellip;]<\/p>\n","protected":false},"author":2,"featured_media":66726,"comment_status":"open","ping_status":"open","sticky":false,"template":"","format":"standard","meta":{"footnotes":"","_links_to":"","_links_to_target":""},"categories":[1],"tags":[],"class_list":["post-66725","post","type-post","status-publish","format-standard","has-post-thumbnail","hentry","category-geral"],"views":1503,"_links":{"self":[{"href":"https:\/\/www.sudoestehoje.com.br\/novoportal\/wp-json\/wp\/v2\/posts\/66725","targetHints":{"allow":["GET"]}}],"collection":[{"href":"https:\/\/www.sudoestehoje.com.br\/novoportal\/wp-json\/wp\/v2\/posts"}],"about":[{"href":"https:\/\/www.sudoestehoje.com.br\/novoportal\/wp-json\/wp\/v2\/types\/post"}],"author":[{"embeddable":true,"href":"https:\/\/www.sudoestehoje.com.br\/novoportal\/wp-json\/wp\/v2\/users\/2"}],"replies":[{"embeddable":true,"href":"https:\/\/www.sudoestehoje.com.br\/novoportal\/wp-json\/wp\/v2\/comments?post=66725"}],"version-history":[{"count":1,"href":"https:\/\/www.sudoestehoje.com.br\/novoportal\/wp-json\/wp\/v2\/posts\/66725\/revisions"}],"predecessor-version":[{"id":66727,"href":"https:\/\/www.sudoestehoje.com.br\/novoportal\/wp-json\/wp\/v2\/posts\/66725\/revisions\/66727"}],"wp:featuredmedia":[{"embeddable":true,"href":"https:\/\/www.sudoestehoje.com.br\/novoportal\/wp-json\/wp\/v2\/media\/66726"}],"wp:attachment":[{"href":"https:\/\/www.sudoestehoje.com.br\/novoportal\/wp-json\/wp\/v2\/media?parent=66725"}],"wp:term":[{"taxonomy":"category","embeddable":true,"href":"https:\/\/www.sudoestehoje.com.br\/novoportal\/wp-json\/wp\/v2\/categories?post=66725"},{"taxonomy":"post_tag","embeddable":true,"href":"https:\/\/www.sudoestehoje.com.br\/novoportal\/wp-json\/wp\/v2\/tags?post=66725"}],"curies":[{"name":"wp","href":"https:\/\/api.w.org\/{rel}","templated":true}]}}