
{"id":66714,"date":"2017-07-25T20:26:04","date_gmt":"2017-07-25T23:26:04","guid":{"rendered":"http:\/\/www.sudoestehoje.com.br\/novoportal\/?p=66714"},"modified":"2017-07-25T20:26:04","modified_gmt":"2017-07-25T23:26:04","slug":"boa-juiz-do-distrito-federal-manda-suspender-aumento-da-gasolina","status":"publish","type":"post","link":"https:\/\/www.sudoestehoje.com.br\/novoportal\/2017\/07\/25\/boa-juiz-do-distrito-federal-manda-suspender-aumento-da-gasolina\/","title":{"rendered":"BOA! JUIZ DO DISTRITO FEDERAL MANDA SUSPENDER AUMENTO DA GASOLINA"},"content":{"rendered":"<p><a href=\"http:\/\/www.sudoestehoje.com.br\/novoportal\/wp-content\/uploads\/2017\/07\/p1.jpg\"><img loading=\"lazy\" decoding=\"async\" class=\"aligncenter size-medium wp-image-66673\" src=\"http:\/\/www.sudoestehoje.com.br\/novoportal\/wp-content\/uploads\/2017\/07\/p1-500x300.jpg\" alt=\"\" width=\"500\" height=\"300\" srcset=\"https:\/\/www.sudoestehoje.com.br\/novoportal\/wp-content\/uploads\/2017\/07\/p1-500x300.jpg 500w, https:\/\/www.sudoestehoje.com.br\/novoportal\/wp-content\/uploads\/2017\/07\/p1-768x461.jpg 768w, https:\/\/www.sudoestehoje.com.br\/novoportal\/wp-content\/uploads\/2017\/07\/p1-700x420.jpg 700w, https:\/\/www.sudoestehoje.com.br\/novoportal\/wp-content\/uploads\/2017\/07\/p1.jpg 960w\" sizes=\"auto, (max-width: 500px) 100vw, 500px\" \/><\/a><\/p>\n<p>O juiz substituto Renato Borelli, da 20\u00aa Vara Federal de Bras\u00edlia, determinou nesta ter\u00e7a-feira (25) a suspens\u00e3o imediata do decreto publicado na semana passada pelo governo e que elevou a al\u00edquota de PIS\/Cofins que incide sobre a gasolina, o diesel e o etanol.<\/p>\n<p>Procurada, a Advocacia-Geral da Uni\u00e3o (AGU) informou que vai recorrer da decis\u00e3o assim que for notificada. A decis\u00e3o liminar (provis\u00f3ria) vale para todo o pa\u00eds e atendeu a pedido feito em uma a\u00e7\u00e3o popular, movida pelo advogado Carlos Alexandre Klomfahs.<\/p>\n<p>Apesar de determinar a suspens\u00e3o imediata do decreto, tecnicamente a decis\u00e3o s\u00f3 vale quando o governo for notificado. A decis\u00e3o tamb\u00e9m determina o retorno dos pre\u00e7os dos combust\u00edveis.<\/p>\n","protected":false},"excerpt":{"rendered":"<p>O juiz substituto Renato Borelli, da 20\u00aa Vara Federal de Bras\u00edlia, determinou nesta ter\u00e7a-feira (25) a suspens\u00e3o imediata do decreto publicado na semana passada pelo governo e que elevou a al\u00edquota de PIS\/Cofins que incide sobre a gasolina, o diesel e o etanol. Procurada, a Advocacia-Geral da Uni\u00e3o (AGU) informou que vai recorrer da decis\u00e3o [&hellip;]<\/p>\n","protected":false},"author":2,"featured_media":66673,"comment_status":"open","ping_status":"open","sticky":false,"template":"","format":"standard","meta":{"footnotes":"","_links_to":"","_links_to_target":""},"categories":[1],"tags":[],"class_list":["post-66714","post","type-post","status-publish","format-standard","has-post-thumbnail","hentry","category-geral"],"views":3154,"_links":{"self":[{"href":"https:\/\/www.sudoestehoje.com.br\/novoportal\/wp-json\/wp\/v2\/posts\/66714","targetHints":{"allow":["GET"]}}],"collection":[{"href":"https:\/\/www.sudoestehoje.com.br\/novoportal\/wp-json\/wp\/v2\/posts"}],"about":[{"href":"https:\/\/www.sudoestehoje.com.br\/novoportal\/wp-json\/wp\/v2\/types\/post"}],"author":[{"embeddable":true,"href":"https:\/\/www.sudoestehoje.com.br\/novoportal\/wp-json\/wp\/v2\/users\/2"}],"replies":[{"embeddable":true,"href":"https:\/\/www.sudoestehoje.com.br\/novoportal\/wp-json\/wp\/v2\/comments?post=66714"}],"version-history":[{"count":1,"href":"https:\/\/www.sudoestehoje.com.br\/novoportal\/wp-json\/wp\/v2\/posts\/66714\/revisions"}],"predecessor-version":[{"id":66715,"href":"https:\/\/www.sudoestehoje.com.br\/novoportal\/wp-json\/wp\/v2\/posts\/66714\/revisions\/66715"}],"wp:featuredmedia":[{"embeddable":true,"href":"https:\/\/www.sudoestehoje.com.br\/novoportal\/wp-json\/wp\/v2\/media\/66673"}],"wp:attachment":[{"href":"https:\/\/www.sudoestehoje.com.br\/novoportal\/wp-json\/wp\/v2\/media?parent=66714"}],"wp:term":[{"taxonomy":"category","embeddable":true,"href":"https:\/\/www.sudoestehoje.com.br\/novoportal\/wp-json\/wp\/v2\/categories?post=66714"},{"taxonomy":"post_tag","embeddable":true,"href":"https:\/\/www.sudoestehoje.com.br\/novoportal\/wp-json\/wp\/v2\/tags?post=66714"}],"curies":[{"name":"wp","href":"https:\/\/api.w.org\/{rel}","templated":true}]}}