
{"id":6671,"date":"2011-07-12T08:55:54","date_gmt":"2011-07-12T11:55:54","guid":{"rendered":"http:\/\/www.sudoestehoje.com.br\/novoportal\/?p=6671"},"modified":"2011-07-12T08:55:54","modified_gmt":"2011-07-12T11:55:54","slug":"iguai-prefeito-sofre-acidente-na-rio-bahia","status":"publish","type":"post","link":"https:\/\/www.sudoestehoje.com.br\/novoportal\/2011\/07\/12\/iguai-prefeito-sofre-acidente-na-rio-bahia\/","title":{"rendered":"IGUA\u00cd: PREFEITO SOFRE ACIDENTE NA RIO-BAHIA"},"content":{"rendered":"<p style=\"text-align: center;\"><img decoding=\"async\" src=\"http:\/\/www.bahianoticias.com.br\/fotos\/editor\/Image\/FOTOS%20NOVAS\/frontiermoutinho.jpg\" alt=\"\" \/><br \/>\n<em>Autom\u00f3vel ficou preso entre carretas<\/em><\/p>\n<p>O prefeito de Igua\u00ed, munic\u00edpio\u00a0localizado no centro-sul baiano, Ronaldo Moutinho (PTB), sofreu um acidente na manh\u00e3 desta segunda-feira (11), na BR-116, nas proximidades do munic\u00edpio de Planalto. Segundo informa\u00e7\u00f5es do Portal Po\u00e7\u00f5es, o ve\u00edculo oficial do gestor, uma Frontier 2011, ficou preso\u00a0entre carretas durante um engavetamento na via. Ao Blog do Anderson, o alcaide afirmou que ia a Vit\u00f3ria da Conquista para participar da recep\u00e7\u00e3o ao governador Jaques Wagner e da solenidade de entrega de 990 unidades habitacionais do Programa Minha Casa, Minha Vida. Moutinho n\u00e3o sofreu ferimentos, mas foi conduzido a um hospital em Vit\u00f3ria da Conquista e em seguida embarcou para Salvador, onde cumprir\u00e1 agenda nesta ter\u00e7a (12) e quarta-feira (13).<\/p>\n","protected":false},"excerpt":{"rendered":"<p>Autom\u00f3vel ficou preso entre carretas O prefeito de Igua\u00ed, munic\u00edpio\u00a0localizado no centro-sul baiano, Ronaldo Moutinho (PTB), sofreu um acidente na manh\u00e3 desta segunda-feira (11), na BR-116, nas proximidades do munic\u00edpio de Planalto. Segundo informa\u00e7\u00f5es do Portal Po\u00e7\u00f5es, o ve\u00edculo oficial do gestor, uma Frontier 2011, ficou preso\u00a0entre carretas durante um engavetamento na via. Ao Blog [&hellip;]<\/p>\n","protected":false},"author":2,"featured_media":0,"comment_status":"open","ping_status":"open","sticky":false,"template":"","format":"standard","meta":{"footnotes":"","_links_to":"","_links_to_target":""},"categories":[1],"tags":[],"class_list":["post-6671","post","type-post","status-publish","format-standard","hentry","category-geral"],"views":1378,"_links":{"self":[{"href":"https:\/\/www.sudoestehoje.com.br\/novoportal\/wp-json\/wp\/v2\/posts\/6671","targetHints":{"allow":["GET"]}}],"collection":[{"href":"https:\/\/www.sudoestehoje.com.br\/novoportal\/wp-json\/wp\/v2\/posts"}],"about":[{"href":"https:\/\/www.sudoestehoje.com.br\/novoportal\/wp-json\/wp\/v2\/types\/post"}],"author":[{"embeddable":true,"href":"https:\/\/www.sudoestehoje.com.br\/novoportal\/wp-json\/wp\/v2\/users\/2"}],"replies":[{"embeddable":true,"href":"https:\/\/www.sudoestehoje.com.br\/novoportal\/wp-json\/wp\/v2\/comments?post=6671"}],"version-history":[{"count":3,"href":"https:\/\/www.sudoestehoje.com.br\/novoportal\/wp-json\/wp\/v2\/posts\/6671\/revisions"}],"predecessor-version":[{"id":6674,"href":"https:\/\/www.sudoestehoje.com.br\/novoportal\/wp-json\/wp\/v2\/posts\/6671\/revisions\/6674"}],"wp:attachment":[{"href":"https:\/\/www.sudoestehoje.com.br\/novoportal\/wp-json\/wp\/v2\/media?parent=6671"}],"wp:term":[{"taxonomy":"category","embeddable":true,"href":"https:\/\/www.sudoestehoje.com.br\/novoportal\/wp-json\/wp\/v2\/categories?post=6671"},{"taxonomy":"post_tag","embeddable":true,"href":"https:\/\/www.sudoestehoje.com.br\/novoportal\/wp-json\/wp\/v2\/tags?post=6671"}],"curies":[{"name":"wp","href":"https:\/\/api.w.org\/{rel}","templated":true}]}}