
{"id":66708,"date":"2017-07-25T19:53:30","date_gmt":"2017-07-25T22:53:30","guid":{"rendered":"http:\/\/www.sudoestehoje.com.br\/novoportal\/?p=66708"},"modified":"2017-07-25T19:53:30","modified_gmt":"2017-07-25T22:53:30","slug":"itapetinga-galpao-do-quintas-do-morumbi-e-liberado-para-nova-fabrica-da-renata-mello","status":"publish","type":"post","link":"https:\/\/www.sudoestehoje.com.br\/novoportal\/2017\/07\/25\/itapetinga-galpao-do-quintas-do-morumbi-e-liberado-para-nova-fabrica-da-renata-mello\/","title":{"rendered":"ITAPETINGA: GALP\u00c3O DO QUINTAS DO MORUMBI \u00c9 LIBERADO PARA NOVA F\u00c1BRICA DA RENATA MELLO"},"content":{"rendered":"<p><a href=\"http:\/\/www.sudoestehoje.com.br\/novoportal\/wp-content\/uploads\/2017\/07\/Rodrigo-e-Almir.jpg\"><img loading=\"lazy\" decoding=\"async\" class=\"aligncenter size-medium wp-image-66711\" src=\"http:\/\/www.sudoestehoje.com.br\/novoportal\/wp-content\/uploads\/2017\/07\/Rodrigo-e-Almir-500x375.jpg\" alt=\"\" width=\"500\" height=\"375\" srcset=\"https:\/\/www.sudoestehoje.com.br\/novoportal\/wp-content\/uploads\/2017\/07\/Rodrigo-e-Almir-500x375.jpg 500w, https:\/\/www.sudoestehoje.com.br\/novoportal\/wp-content\/uploads\/2017\/07\/Rodrigo-e-Almir-768x576.jpg 768w, https:\/\/www.sudoestehoje.com.br\/novoportal\/wp-content\/uploads\/2017\/07\/Rodrigo-e-Almir-700x525.jpg 700w, https:\/\/www.sudoestehoje.com.br\/novoportal\/wp-content\/uploads\/2017\/07\/Rodrigo-e-Almir.jpg 960w\" sizes=\"auto, (max-width: 500px) 100vw, 500px\" \/><\/a><\/p>\n<p>Depois de muita luta e embara\u00e7os nos campos pol\u00edtico e administrativo, o antigo galp\u00e3o da Azaleia, localizado no bairro Quintas do Morumbi foi finalmente entregue \u00e0 dire\u00e7\u00e3o da\u00a0a empresa de cal\u00e7ados Suzana Santos, que fabrica as marcas Suzana Santos, Renata Mello e Azill\u00ea, pelo governo do estado,<\/p>\n<p>O ato foi oficializado na tarde desta ter\u00e7a-feira (25), na cidade de Macarani, pelo Secret\u00e1rio Estadual do Desenvolvimento Econ\u00f4mico, Jaques Wagner e diretores da SUDIC, atrav\u00e9s de <em>contrato de concess\u00e3o<\/em> firmado entre o governo estadual e a empresa Suzana Santos, representada no ato pelo seu s\u00f3cio diretor, Almir Santos.<\/p>\n<p>Em conversa informal com o editor do Sudoeste Hoje, presente ao ato, o empres\u00e1rio Almir Santos manifestou o seu contentamento com a libera\u00e7\u00e3o oficial do galp\u00e3o, informando com exclusividade que a montagem da nova unidade em Itapetinga acontecer\u00e1 a partir de janeiro de 2018, com a gera\u00e7\u00e3o inicial de 300 novos empregos, podendo chegar a 600.<\/p>\n<p>Em contato com o blog, o prefeito Rodrigo Hagge tamb\u00e9m manifestou a sua alegria com essa nova conquista do seu governo, garantindo que continuar\u00e1 a sua busca por novos empreendimentos industriais, visando a cria\u00e7\u00e3o de postos de trabalho no munic\u00edpio.<\/p>\n<p>Confira abaixo o documento oficial da libera\u00e7\u00e3o:<\/p>\n<p><a href=\"http:\/\/www.sudoestehoje.com.br\/novoportal\/wp-content\/uploads\/2017\/07\/sudic.jpg\"><img loading=\"lazy\" decoding=\"async\" class=\"aligncenter size-medium wp-image-66710\" src=\"http:\/\/www.sudoestehoje.com.br\/novoportal\/wp-content\/uploads\/2017\/07\/sudic-500x667.jpg\" alt=\"\" width=\"500\" height=\"667\" srcset=\"https:\/\/www.sudoestehoje.com.br\/novoportal\/wp-content\/uploads\/2017\/07\/sudic-500x667.jpg 500w, https:\/\/www.sudoestehoje.com.br\/novoportal\/wp-content\/uploads\/2017\/07\/sudic-675x900.jpg 675w, https:\/\/www.sudoestehoje.com.br\/novoportal\/wp-content\/uploads\/2017\/07\/sudic.jpg 720w\" sizes=\"auto, (max-width: 500px) 100vw, 500px\" \/><\/a><strong><em>Por Davi Ferraz\u00a0<\/em><\/strong><\/p>\n","protected":false},"excerpt":{"rendered":"<p>Depois de muita luta e embara\u00e7os nos campos pol\u00edtico e administrativo, o antigo galp\u00e3o da Azaleia, localizado no bairro Quintas do Morumbi foi finalmente entregue \u00e0 dire\u00e7\u00e3o da\u00a0a empresa de cal\u00e7ados Suzana Santos, que fabrica as marcas Suzana Santos, Renata Mello e Azill\u00ea, pelo governo do estado, O ato foi oficializado na tarde desta ter\u00e7a-feira [&hellip;]<\/p>\n","protected":false},"author":2,"featured_media":66711,"comment_status":"open","ping_status":"open","sticky":false,"template":"","format":"standard","meta":{"footnotes":"","_links_to":"","_links_to_target":""},"categories":[1],"tags":[],"class_list":["post-66708","post","type-post","status-publish","format-standard","has-post-thumbnail","hentry","category-geral"],"views":6669,"_links":{"self":[{"href":"https:\/\/www.sudoestehoje.com.br\/novoportal\/wp-json\/wp\/v2\/posts\/66708","targetHints":{"allow":["GET"]}}],"collection":[{"href":"https:\/\/www.sudoestehoje.com.br\/novoportal\/wp-json\/wp\/v2\/posts"}],"about":[{"href":"https:\/\/www.sudoestehoje.com.br\/novoportal\/wp-json\/wp\/v2\/types\/post"}],"author":[{"embeddable":true,"href":"https:\/\/www.sudoestehoje.com.br\/novoportal\/wp-json\/wp\/v2\/users\/2"}],"replies":[{"embeddable":true,"href":"https:\/\/www.sudoestehoje.com.br\/novoportal\/wp-json\/wp\/v2\/comments?post=66708"}],"version-history":[{"count":3,"href":"https:\/\/www.sudoestehoje.com.br\/novoportal\/wp-json\/wp\/v2\/posts\/66708\/revisions"}],"predecessor-version":[{"id":66713,"href":"https:\/\/www.sudoestehoje.com.br\/novoportal\/wp-json\/wp\/v2\/posts\/66708\/revisions\/66713"}],"wp:featuredmedia":[{"embeddable":true,"href":"https:\/\/www.sudoestehoje.com.br\/novoportal\/wp-json\/wp\/v2\/media\/66711"}],"wp:attachment":[{"href":"https:\/\/www.sudoestehoje.com.br\/novoportal\/wp-json\/wp\/v2\/media?parent=66708"}],"wp:term":[{"taxonomy":"category","embeddable":true,"href":"https:\/\/www.sudoestehoje.com.br\/novoportal\/wp-json\/wp\/v2\/categories?post=66708"},{"taxonomy":"post_tag","embeddable":true,"href":"https:\/\/www.sudoestehoje.com.br\/novoportal\/wp-json\/wp\/v2\/tags?post=66708"}],"curies":[{"name":"wp","href":"https:\/\/api.w.org\/{rel}","templated":true}]}}