
{"id":66704,"date":"2017-07-25T08:51:27","date_gmt":"2017-07-25T11:51:27","guid":{"rendered":"http:\/\/www.sudoestehoje.com.br\/novoportal\/?p=66704"},"modified":"2017-07-25T19:18:52","modified_gmt":"2017-07-25T22:18:52","slug":"itapetinga-alecio-chaves-e-nomeado-para-coordenacao-do-nre-8","status":"publish","type":"post","link":"https:\/\/www.sudoestehoje.com.br\/novoportal\/2017\/07\/25\/itapetinga-alecio-chaves-e-nomeado-para-coordenacao-do-nre-8\/","title":{"rendered":"ITAPETINGA: AL\u00c9CIO CHAVES \u00c9 NOMEADO PARA COORDENA\u00c7\u00c3O DO NRE-8"},"content":{"rendered":"<p><a href=\"http:\/\/www.sudoestehoje.com.br\/novoportal\/wp-content\/uploads\/2017\/07\/alecio.jpg\"><img loading=\"lazy\" decoding=\"async\" class=\"aligncenter size-medium wp-image-66705\" src=\"http:\/\/www.sudoestehoje.com.br\/novoportal\/wp-content\/uploads\/2017\/07\/alecio-500x333.jpg\" alt=\"\" width=\"500\" height=\"333\" srcset=\"https:\/\/www.sudoestehoje.com.br\/novoportal\/wp-content\/uploads\/2017\/07\/alecio-500x333.jpg 500w, https:\/\/www.sudoestehoje.com.br\/novoportal\/wp-content\/uploads\/2017\/07\/alecio.jpg 640w\" sizes=\"auto, (max-width: 500px) 100vw, 500px\" \/><\/a><\/p>\n<p>Ap\u00f3s longos meses de espera, o professor Al\u00e9cio Chaves (PSD) foi finalmente nomeado para o cargo de Coordenador do N\u00facleo Regional de Educa\u00e7\u00e3o (NRE-8), sediado em Itapetinga.<\/p>\n<p>Al\u00e9cio, que disputou sem sucesso a elei\u00e7\u00e3o para prefeito de Itapetinga no ano passado, \u00e9 um quadro importante no meio educacional de Itapetinga, j\u00e1 tendo ocupado o cargo de Secret\u00e1rio Municipal de Educa\u00e7\u00e3o, no governo do ex-prefeito Z\u00e9 Carlos Moura (PT), chegando a se eleger vice-prefeito em 2012.<\/p>\n<p>Em um epis\u00f3dio que ficou marcado na hist\u00f3ria pol\u00edtica do munic\u00edpio, Al\u00e9cio assumiu a prefeitura por 72 dias, em 2015, durante afastamento de Z\u00e9 Carlos por problemas de sa\u00fade, demitindo secret\u00e1rios e assessores do prefeito, o que resultou no seu rompimento com o PT e ida para o PSD do senador Otto Alencar, pelas m\u00e3os do ent\u00e3o vereador Alfredo Cabral, presidente da legenda no munic\u00edpio.<\/p>\n<p>Para galgar o cargo de coordenador do NRE (antiga Direc), que tanto almejava, o calado e enigm\u00e1tico Al\u00e9cio Chaves teve que se aliar ao deputado estadual Rosemberg Pinto (PT), com quem rompera em 2015 e dispensou apoio em 2016, na sua campanha para prefeito.<\/p>\n<p>Com a assun\u00e7\u00e3o do novo cargo, Al\u00e9cio precisar\u00e1 demonstrar desenvoltura e independ\u00eancia nas decis\u00f5es que dever\u00e1 tomar, para tirar o \u00f3rg\u00e3o do marasmo e leseira em que se encontra.<\/p>\n<p><strong><em>Por Davi Ferraz\u00a0<\/em><\/strong><\/p>\n","protected":false},"excerpt":{"rendered":"<p>Ap\u00f3s longos meses de espera, o professor Al\u00e9cio Chaves (PSD) foi finalmente nomeado para o cargo de Coordenador do N\u00facleo Regional de Educa\u00e7\u00e3o (NRE-8), sediado em Itapetinga. Al\u00e9cio, que disputou sem sucesso a elei\u00e7\u00e3o para prefeito de Itapetinga no ano passado, \u00e9 um quadro importante no meio educacional de Itapetinga, j\u00e1 tendo ocupado o cargo [&hellip;]<\/p>\n","protected":false},"author":2,"featured_media":66705,"comment_status":"open","ping_status":"open","sticky":false,"template":"","format":"standard","meta":{"footnotes":"","_links_to":"","_links_to_target":""},"categories":[1],"tags":[],"class_list":["post-66704","post","type-post","status-publish","format-standard","has-post-thumbnail","hentry","category-geral"],"views":1730,"_links":{"self":[{"href":"https:\/\/www.sudoestehoje.com.br\/novoportal\/wp-json\/wp\/v2\/posts\/66704","targetHints":{"allow":["GET"]}}],"collection":[{"href":"https:\/\/www.sudoestehoje.com.br\/novoportal\/wp-json\/wp\/v2\/posts"}],"about":[{"href":"https:\/\/www.sudoestehoje.com.br\/novoportal\/wp-json\/wp\/v2\/types\/post"}],"author":[{"embeddable":true,"href":"https:\/\/www.sudoestehoje.com.br\/novoportal\/wp-json\/wp\/v2\/users\/2"}],"replies":[{"embeddable":true,"href":"https:\/\/www.sudoestehoje.com.br\/novoportal\/wp-json\/wp\/v2\/comments?post=66704"}],"version-history":[{"count":2,"href":"https:\/\/www.sudoestehoje.com.br\/novoportal\/wp-json\/wp\/v2\/posts\/66704\/revisions"}],"predecessor-version":[{"id":66707,"href":"https:\/\/www.sudoestehoje.com.br\/novoportal\/wp-json\/wp\/v2\/posts\/66704\/revisions\/66707"}],"wp:featuredmedia":[{"embeddable":true,"href":"https:\/\/www.sudoestehoje.com.br\/novoportal\/wp-json\/wp\/v2\/media\/66705"}],"wp:attachment":[{"href":"https:\/\/www.sudoestehoje.com.br\/novoportal\/wp-json\/wp\/v2\/media?parent=66704"}],"wp:term":[{"taxonomy":"category","embeddable":true,"href":"https:\/\/www.sudoestehoje.com.br\/novoportal\/wp-json\/wp\/v2\/categories?post=66704"},{"taxonomy":"post_tag","embeddable":true,"href":"https:\/\/www.sudoestehoje.com.br\/novoportal\/wp-json\/wp\/v2\/tags?post=66704"}],"curies":[{"name":"wp","href":"https:\/\/api.w.org\/{rel}","templated":true}]}}