
{"id":66698,"date":"2017-07-24T20:05:48","date_gmt":"2017-07-24T23:05:48","guid":{"rendered":"http:\/\/www.sudoestehoje.com.br\/novoportal\/?p=66698"},"modified":"2017-07-25T18:51:14","modified_gmt":"2017-07-25T21:51:14","slug":"governo-fecha-lojas-da-cesta-do-povo-em-itapetinga-macarani-e-itarantim","status":"publish","type":"post","link":"https:\/\/www.sudoestehoje.com.br\/novoportal\/2017\/07\/24\/governo-fecha-lojas-da-cesta-do-povo-em-itapetinga-macarani-e-itarantim\/","title":{"rendered":"GOVERNO FECHA LOJAS DA CESTA DO POVO EM ITAPETINGA, MACARANI E ITARANTIM"},"content":{"rendered":"<p><a href=\"http:\/\/www.sudoestehoje.com.br\/novoportal\/wp-content\/uploads\/2017\/07\/CESTA-DO-POVO.jpg\"><img loading=\"lazy\" decoding=\"async\" class=\"aligncenter size-medium wp-image-66699\" src=\"http:\/\/www.sudoestehoje.com.br\/novoportal\/wp-content\/uploads\/2017\/07\/CESTA-DO-POVO-500x339.jpg\" alt=\"\" width=\"500\" height=\"339\" srcset=\"https:\/\/www.sudoestehoje.com.br\/novoportal\/wp-content\/uploads\/2017\/07\/CESTA-DO-POVO-500x339.jpg 500w, https:\/\/www.sudoestehoje.com.br\/novoportal\/wp-content\/uploads\/2017\/07\/CESTA-DO-POVO.jpg 574w\" sizes=\"auto, (max-width: 500px) 100vw, 500px\" \/><\/a><\/p>\n<p>Sem sucesso nas suas tentativas de privatizar a EBAL, por falta de pretendentes, o governador Rui Costa foi implac\u00e1vel mais uma vez, determinando o desmonte gradual da Cesta do Povo, fechando lojas Bahia afora, sem pena nem d\u00f3.<\/p>\n<p>No \u00faltimo s\u00e1bado (22), foi a vez da loja de Itapetinga, localizada ao lado da Central II de Abastecimento, ap\u00f3s 34 anos de opera\u00e7\u00e3o no munic\u00edpio. A Cesta do Povo de Itapetinga foi aberta em 1983, no governo de Jo\u00e3o Durval Carneiro. Nesta segunda (24), todas as mercadorias e instala\u00e7\u00f5es foram removidas e o pr\u00e9dio lacrado.<\/p>\n<p>O encerramento das atividades da Cesta do Povo em Itapetinga n\u00e3o causa impacto ao com\u00e9rcio, j\u00e1 que seus pre\u00e7os n\u00e3o eram mais atraentes como antigamente, mas tr\u00e1s preju\u00edzos aos seu empregados, que foram jogados no olho da rua sem qualquer satisfa\u00e7\u00e3o por parte do governo. Uma grande crueldade, no famoso &#8220;estilo Rui Costa&#8221;.<\/p>\n<p>Na semana passada, foram tamb\u00e9m fechadas as lojas de Itarantim e Macarani.<\/p>\n<p><strong><em>Por Davi Ferraz<\/em><\/strong><\/p>\n","protected":false},"excerpt":{"rendered":"<p>Sem sucesso nas suas tentativas de privatizar a EBAL, por falta de pretendentes, o governador Rui Costa foi implac\u00e1vel mais uma vez, determinando o desmonte gradual da Cesta do Povo, fechando lojas Bahia afora, sem pena nem d\u00f3. No \u00faltimo s\u00e1bado (22), foi a vez da loja de Itapetinga, localizada ao lado da Central II [&hellip;]<\/p>\n","protected":false},"author":2,"featured_media":66699,"comment_status":"open","ping_status":"open","sticky":false,"template":"","format":"standard","meta":{"footnotes":"","_links_to":"","_links_to_target":""},"categories":[1],"tags":[],"class_list":["post-66698","post","type-post","status-publish","format-standard","has-post-thumbnail","hentry","category-geral"],"views":3319,"_links":{"self":[{"href":"https:\/\/www.sudoestehoje.com.br\/novoportal\/wp-json\/wp\/v2\/posts\/66698","targetHints":{"allow":["GET"]}}],"collection":[{"href":"https:\/\/www.sudoestehoje.com.br\/novoportal\/wp-json\/wp\/v2\/posts"}],"about":[{"href":"https:\/\/www.sudoestehoje.com.br\/novoportal\/wp-json\/wp\/v2\/types\/post"}],"author":[{"embeddable":true,"href":"https:\/\/www.sudoestehoje.com.br\/novoportal\/wp-json\/wp\/v2\/users\/2"}],"replies":[{"embeddable":true,"href":"https:\/\/www.sudoestehoje.com.br\/novoportal\/wp-json\/wp\/v2\/comments?post=66698"}],"version-history":[{"count":4,"href":"https:\/\/www.sudoestehoje.com.br\/novoportal\/wp-json\/wp\/v2\/posts\/66698\/revisions"}],"predecessor-version":[{"id":66703,"href":"https:\/\/www.sudoestehoje.com.br\/novoportal\/wp-json\/wp\/v2\/posts\/66698\/revisions\/66703"}],"wp:featuredmedia":[{"embeddable":true,"href":"https:\/\/www.sudoestehoje.com.br\/novoportal\/wp-json\/wp\/v2\/media\/66699"}],"wp:attachment":[{"href":"https:\/\/www.sudoestehoje.com.br\/novoportal\/wp-json\/wp\/v2\/media?parent=66698"}],"wp:term":[{"taxonomy":"category","embeddable":true,"href":"https:\/\/www.sudoestehoje.com.br\/novoportal\/wp-json\/wp\/v2\/categories?post=66698"},{"taxonomy":"post_tag","embeddable":true,"href":"https:\/\/www.sudoestehoje.com.br\/novoportal\/wp-json\/wp\/v2\/tags?post=66698"}],"curies":[{"name":"wp","href":"https:\/\/api.w.org\/{rel}","templated":true}]}}