
{"id":66688,"date":"2017-07-24T18:02:34","date_gmt":"2017-07-24T21:02:34","guid":{"rendered":"http:\/\/www.sudoestehoje.com.br\/novoportal\/?p=66688"},"modified":"2017-07-24T18:02:35","modified_gmt":"2017-07-24T21:02:35","slug":"lula-diz-que-empresarios-inventaram-propina-para-prejudicar-politicos","status":"publish","type":"post","link":"https:\/\/www.sudoestehoje.com.br\/novoportal\/2017\/07\/24\/lula-diz-que-empresarios-inventaram-propina-para-prejudicar-politicos\/","title":{"rendered":"LULA DIZ QUE EMPRES\u00c1RIOS INVENTARAM PROPINA PARA PREJUDICAR POL\u00cdTICOS"},"content":{"rendered":"<p><a href=\"http:\/\/www.sudoestehoje.com.br\/novoportal\/wp-content\/uploads\/2017\/07\/LULA-SOBRE-A-PROPINA.jpg\"><img loading=\"lazy\" decoding=\"async\" class=\"aligncenter size-medium wp-image-66689\" src=\"http:\/\/www.sudoestehoje.com.br\/novoportal\/wp-content\/uploads\/2017\/07\/LULA-SOBRE-A-PROPINA-500x281.jpg\" alt=\"\" width=\"500\" height=\"281\" srcset=\"https:\/\/www.sudoestehoje.com.br\/novoportal\/wp-content\/uploads\/2017\/07\/LULA-SOBRE-A-PROPINA-500x281.jpg 500w, https:\/\/www.sudoestehoje.com.br\/novoportal\/wp-content\/uploads\/2017\/07\/LULA-SOBRE-A-PROPINA.jpg 640w\" sizes=\"auto, (max-width: 500px) 100vw, 500px\" \/><\/a><\/p>\n<p>O ex-presidente Luiz In\u00e1cio Lula da Silva afirmou, na manh\u00e3 desta segunda-feira, que o setor empresarial, com o aval do Minist\u00e9rio P\u00fablico, teria &#8220;transformado&#8221; doa\u00e7\u00f5es de campanha em propina para &#8220;tentar culpar&#8221; os pol\u00edticos de participa\u00e7\u00e3o em esquemas de corrup\u00e7\u00e3o no pa\u00eds. Em entrevista concedida \u00e0 r\u00e1dio Tiradentes, do Amazonas, o petista tamb\u00e9m insinuou que o PT deve atuar de forma separada nas elei\u00e7\u00f5es presidenciais no pr\u00f3ximo ano.<\/p>\n<p>\u2014 A palavra propina foi inventada pelos empres\u00e1rios para tentar culpar os pol\u00edticos &#8211; ou pelo Minist\u00e9rio P\u00fablico. Por tudo o que leio na imprensa, os empres\u00e1rios sempre deram dinheiro para campanha. Eu n\u00e3o conhe\u00e7o um pol\u00edtico em Manaus ou em S\u00e3o Paulo que vendeu a casa para ser candidato. Todos eles pedem dinheiro para empres\u00e1rio, a vida inteira, desde que foi proclamada da Rep\u00fablica. A diferen\u00e7a \u00e9 que agora transformaram as doa\u00e7\u00f5es em propina, ent\u00e3o ficou tudo criminoso. Se os pol\u00edticos n\u00e3o tiverem coragem de mudar a legisla\u00e7\u00e3o eleitoral, de criar um fundo de financiamento de campanha para que n\u00e3o fiquem mais dependentes de empres\u00e1rio, o Brasil n\u00e3o vai ter jeito \u2014 declarou.<\/p>\n<p>Durante a entrevista, Lula revisou o processo de impeachment contra Dilma Rousseff e admitiu que as a\u00e7\u00f5es da ex-presidente, em seu segundo mandato, teriam sido diferentes do que prometido em campanha. No entanto, alegou que as diverg\u00eancias pol\u00edticas entre o partido e aliados deram espa\u00e7o a um &#8220;erro hist\u00f3rico&#8221; cometido contra Rousseff, gerando desconfian\u00e7a para as pr\u00f3ximas elei\u00e7\u00f5es.<\/p>\n<div id=\"hybs-slot-a30c9909\" class=\"hybs-slot\"><\/div>\n<p>\u2014 \u00c9 por isso que nessas elei\u00e7\u00f5es de agora (2018) eu pedi para que o PT sa\u00edsse separado para demarcar um pouco o nosso discurso. Porque pode dar a impress\u00e3o de que est\u00e1 todo mundo na mesma bacia e n\u00e3o \u00e9 verdade. \u00c9 preciso que a gente mostre diferen\u00e7a pol\u00edtica nesse momento.<\/p>\n<p>Condenado a nove anos de pris\u00e3o pelo caso do tr\u00edplex do Guaruj\u00e1, ao qual alega ser inocente, o petista teve mais de R$ 600 mil em bens confiscados pelo juiz Sergio Moro na \u00faltima semana, al\u00e9m do sequestro de R$ 9 milh\u00f5es em planos de previd\u00eancia privada, tamb\u00e9m por determina\u00e7\u00e3o do juiz. Lula afirmou que a defesa deve recorrer em segunda inst\u00e2ncia, no Tribunal Regional Federal da 4\u00aa Regi\u00e3o (TRF-4).<\/p>\n<p>\u2014 Eu n\u00e3o posso utilizar isso (bens confiscados) enquanto esse processo estiver correndo. Vamos entrar com um recurso hoje, l\u00e1 em Porto Alegre (no TRF-4), e ver se desmontamos isso.<\/p>\n<p>Mesmo sem ter fugido \u00e0s quest\u00f5es sobre Lava Jato, o petista se irritou ao ouvir que teria dado tratamento \u201cduro\u201d aos seus cr\u00edticos e disse ser \u201cum homem controlado\u201d para falar dos processos pelos quais responde.<\/p>\n<p>\u2014 O dia que voc\u00ea for acusado de ladr\u00e3o, que te acusarem de lavagem de dinheiro, o dia em que seu neto vier perguntar se \u00e9 verdade o que est\u00e3o falando, voc\u00ea vai ser muito mais duro do que eu. Vai ficar com muito mais raiva do que eu, porque eu sou um homem controlado. Eu tenho no\u00e7\u00e3o de responsabildade, eu sei o que eu sou, o que tenho nesse pa\u00eds. N\u00e3o posso permitir que nenhum brasileiro tenha autoridade para me chamar de ladr\u00e3o ou de dizer que pratiquei lavagem de dinheiro.<\/p>\n","protected":false},"excerpt":{"rendered":"<p>O ex-presidente Luiz In\u00e1cio Lula da Silva afirmou, na manh\u00e3 desta segunda-feira, que o setor empresarial, com o aval do Minist\u00e9rio P\u00fablico, teria &#8220;transformado&#8221; doa\u00e7\u00f5es de campanha em propina para &#8220;tentar culpar&#8221; os pol\u00edticos de participa\u00e7\u00e3o em esquemas de corrup\u00e7\u00e3o no pa\u00eds. Em entrevista concedida \u00e0 r\u00e1dio Tiradentes, do Amazonas, o petista tamb\u00e9m insinuou que [&hellip;]<\/p>\n","protected":false},"author":2,"featured_media":66689,"comment_status":"open","ping_status":"open","sticky":false,"template":"","format":"standard","meta":{"footnotes":"","_links_to":"","_links_to_target":""},"categories":[1],"tags":[],"class_list":["post-66688","post","type-post","status-publish","format-standard","has-post-thumbnail","hentry","category-geral"],"views":988,"_links":{"self":[{"href":"https:\/\/www.sudoestehoje.com.br\/novoportal\/wp-json\/wp\/v2\/posts\/66688","targetHints":{"allow":["GET"]}}],"collection":[{"href":"https:\/\/www.sudoestehoje.com.br\/novoportal\/wp-json\/wp\/v2\/posts"}],"about":[{"href":"https:\/\/www.sudoestehoje.com.br\/novoportal\/wp-json\/wp\/v2\/types\/post"}],"author":[{"embeddable":true,"href":"https:\/\/www.sudoestehoje.com.br\/novoportal\/wp-json\/wp\/v2\/users\/2"}],"replies":[{"embeddable":true,"href":"https:\/\/www.sudoestehoje.com.br\/novoportal\/wp-json\/wp\/v2\/comments?post=66688"}],"version-history":[{"count":2,"href":"https:\/\/www.sudoestehoje.com.br\/novoportal\/wp-json\/wp\/v2\/posts\/66688\/revisions"}],"predecessor-version":[{"id":66691,"href":"https:\/\/www.sudoestehoje.com.br\/novoportal\/wp-json\/wp\/v2\/posts\/66688\/revisions\/66691"}],"wp:featuredmedia":[{"embeddable":true,"href":"https:\/\/www.sudoestehoje.com.br\/novoportal\/wp-json\/wp\/v2\/media\/66689"}],"wp:attachment":[{"href":"https:\/\/www.sudoestehoje.com.br\/novoportal\/wp-json\/wp\/v2\/media?parent=66688"}],"wp:term":[{"taxonomy":"category","embeddable":true,"href":"https:\/\/www.sudoestehoje.com.br\/novoportal\/wp-json\/wp\/v2\/categories?post=66688"},{"taxonomy":"post_tag","embeddable":true,"href":"https:\/\/www.sudoestehoje.com.br\/novoportal\/wp-json\/wp\/v2\/tags?post=66688"}],"curies":[{"name":"wp","href":"https:\/\/api.w.org\/{rel}","templated":true}]}}