
{"id":66683,"date":"2017-07-23T22:44:26","date_gmt":"2017-07-24T01:44:26","guid":{"rendered":"http:\/\/www.sudoestehoje.com.br\/novoportal\/?p=66683"},"modified":"2017-07-23T22:44:26","modified_gmt":"2017-07-24T01:44:26","slug":"regiao-renata-mello-vai-abrir-nova-fabrica-de-calcados-em-macarani","status":"publish","type":"post","link":"https:\/\/www.sudoestehoje.com.br\/novoportal\/2017\/07\/23\/regiao-renata-mello-vai-abrir-nova-fabrica-de-calcados-em-macarani\/","title":{"rendered":"REGI\u00c3O: RENATA MELLO VAI ABRIR NOVA F\u00c1BRICA DE CAL\u00c7ADOS EM MACARANI"},"content":{"rendered":"<p><a href=\"http:\/\/www.sudoestehoje.com.br\/novoportal\/wp-content\/uploads\/2017\/07\/renata-melo-mac.jpg\"><img loading=\"lazy\" decoding=\"async\" class=\"aligncenter size-medium wp-image-66684\" src=\"http:\/\/www.sudoestehoje.com.br\/novoportal\/wp-content\/uploads\/2017\/07\/renata-melo-mac-500x281.jpg\" alt=\"\" width=\"500\" height=\"281\" srcset=\"https:\/\/www.sudoestehoje.com.br\/novoportal\/wp-content\/uploads\/2017\/07\/renata-melo-mac-500x281.jpg 500w, https:\/\/www.sudoestehoje.com.br\/novoportal\/wp-content\/uploads\/2017\/07\/renata-melo-mac-768x432.jpg 768w, https:\/\/www.sudoestehoje.com.br\/novoportal\/wp-content\/uploads\/2017\/07\/renata-melo-mac-700x394.jpg 700w, https:\/\/www.sudoestehoje.com.br\/novoportal\/wp-content\/uploads\/2017\/07\/renata-melo-mac.jpg 960w\" sizes=\"auto, (max-width: 500px) 100vw, 500px\" \/><\/a><\/p>\n<p>Presente no Sudoeste da Bahia desde 2015, a empresa de cal\u00e7ados Suzana Santos, que fabrica as marcas Suzana Santos, Renata Mello e Azill\u00ea, vai inaugurar mais uma unidade fabril no munic\u00edpio de Macarani, nos pr\u00f3ximos meses.<\/p>\n<p>Nesta ter\u00e7a-feira (25), Macarani receber\u00e1 a visita do Secret\u00e1rio do Desenvolvimento Econ\u00f4mico do Estado, Jaques Wagner, que far\u00e1 a entrega oficial das chaves do galp\u00e3o a\u00a0Almir Santos, s\u00f3cio diretor do grupo Suzana Santos.<\/p>\n<p>A instala\u00e7\u00e3o da nova ind\u00fastria no munic\u00edpio se deve \u00e0 busca incans\u00e1vel do prefeito Miller Ferraz (PMDB), que contou com o apoio do deputado estadual Fabr\u00edcio Falc\u00e3o (PCdoB).<\/p>\n<p>A previs\u00e3o da f\u00e1brica \u00e9 produzir de 5.000 a 6.000 pares\/dia de sapatos femininos, gerando inicialmente 300 empregos, com previs\u00e3o de chegar a 600 postos de trabalho quando estiver em plena opera\u00e7\u00e3o.<\/p>\n<p>A empresa, que j\u00e1 conta com cinco unidades nos munic\u00edpios de Itapetinga, Potiragu\u00e1, Itarantim, Igua\u00ed e Maiquinique, ser\u00e1 instalada no antigo galp\u00e3o da Azal\u00e9ia, no bairro Marjorie Parque, em Macarani.<\/p>\n<p><strong><em>Por Davi Ferraz<\/em><\/strong><\/p>\n","protected":false},"excerpt":{"rendered":"<p>Presente no Sudoeste da Bahia desde 2015, a empresa de cal\u00e7ados Suzana Santos, que fabrica as marcas Suzana Santos, Renata Mello e Azill\u00ea, vai inaugurar mais uma unidade fabril no munic\u00edpio de Macarani, nos pr\u00f3ximos meses. Nesta ter\u00e7a-feira (25), Macarani receber\u00e1 a visita do Secret\u00e1rio do Desenvolvimento Econ\u00f4mico do Estado, Jaques Wagner, que far\u00e1 a [&hellip;]<\/p>\n","protected":false},"author":2,"featured_media":66684,"comment_status":"open","ping_status":"open","sticky":false,"template":"","format":"standard","meta":{"footnotes":"","_links_to":"","_links_to_target":""},"categories":[1],"tags":[],"class_list":["post-66683","post","type-post","status-publish","format-standard","has-post-thumbnail","hentry","category-geral"],"views":5158,"_links":{"self":[{"href":"https:\/\/www.sudoestehoje.com.br\/novoportal\/wp-json\/wp\/v2\/posts\/66683","targetHints":{"allow":["GET"]}}],"collection":[{"href":"https:\/\/www.sudoestehoje.com.br\/novoportal\/wp-json\/wp\/v2\/posts"}],"about":[{"href":"https:\/\/www.sudoestehoje.com.br\/novoportal\/wp-json\/wp\/v2\/types\/post"}],"author":[{"embeddable":true,"href":"https:\/\/www.sudoestehoje.com.br\/novoportal\/wp-json\/wp\/v2\/users\/2"}],"replies":[{"embeddable":true,"href":"https:\/\/www.sudoestehoje.com.br\/novoportal\/wp-json\/wp\/v2\/comments?post=66683"}],"version-history":[{"count":1,"href":"https:\/\/www.sudoestehoje.com.br\/novoportal\/wp-json\/wp\/v2\/posts\/66683\/revisions"}],"predecessor-version":[{"id":66685,"href":"https:\/\/www.sudoestehoje.com.br\/novoportal\/wp-json\/wp\/v2\/posts\/66683\/revisions\/66685"}],"wp:featuredmedia":[{"embeddable":true,"href":"https:\/\/www.sudoestehoje.com.br\/novoportal\/wp-json\/wp\/v2\/media\/66684"}],"wp:attachment":[{"href":"https:\/\/www.sudoestehoje.com.br\/novoportal\/wp-json\/wp\/v2\/media?parent=66683"}],"wp:term":[{"taxonomy":"category","embeddable":true,"href":"https:\/\/www.sudoestehoje.com.br\/novoportal\/wp-json\/wp\/v2\/categories?post=66683"},{"taxonomy":"post_tag","embeddable":true,"href":"https:\/\/www.sudoestehoje.com.br\/novoportal\/wp-json\/wp\/v2\/tags?post=66683"}],"curies":[{"name":"wp","href":"https:\/\/api.w.org\/{rel}","templated":true}]}}