
{"id":66665,"date":"2017-07-22T00:07:14","date_gmt":"2017-07-22T03:07:14","guid":{"rendered":"http:\/\/www.sudoestehoje.com.br\/novoportal\/?p=66665"},"modified":"2017-07-22T00:07:14","modified_gmt":"2017-07-22T03:07:14","slug":"bahia-lucio-rechaca-possibilidade-de-imbassahy-e-ze-ronaldo-irem-para-o-pmdb","status":"publish","type":"post","link":"https:\/\/www.sudoestehoje.com.br\/novoportal\/2017\/07\/22\/bahia-lucio-rechaca-possibilidade-de-imbassahy-e-ze-ronaldo-irem-para-o-pmdb\/","title":{"rendered":"BAHIA: L\u00daCIO RECHA\u00c7A POSSIBILIDADE DE IMBASSAHY E Z\u00c9 RONALDO IREM PARA O PMDB"},"content":{"rendered":"<p><a href=\"http:\/\/www.sudoestehoje.com.br\/novoportal\/wp-content\/uploads\/2017\/07\/LUCIO.jpg\"><img loading=\"lazy\" decoding=\"async\" class=\"aligncenter size-medium wp-image-66666\" src=\"http:\/\/www.sudoestehoje.com.br\/novoportal\/wp-content\/uploads\/2017\/07\/LUCIO-500x354.jpg\" alt=\"\" width=\"500\" height=\"354\" srcset=\"https:\/\/www.sudoestehoje.com.br\/novoportal\/wp-content\/uploads\/2017\/07\/LUCIO-500x354.jpg 500w, https:\/\/www.sudoestehoje.com.br\/novoportal\/wp-content\/uploads\/2017\/07\/LUCIO-768x543.jpg 768w, https:\/\/www.sudoestehoje.com.br\/novoportal\/wp-content\/uploads\/2017\/07\/LUCIO-700x495.jpg 700w, https:\/\/www.sudoestehoje.com.br\/novoportal\/wp-content\/uploads\/2017\/07\/LUCIO.jpg 800w\" sizes=\"auto, (max-width: 500px) 100vw, 500px\" \/><\/a><\/p>\n<p>O PMDB da Bahia n\u00e3o ser\u00e1 barriga de aluguel. A declara\u00e7\u00e3o \u00e9 do deputado federal e secret\u00e1rio-adjunto do PMDB na Bahia, L\u00facio Vieira Lima, que tamb\u00e9m dirige o partido em Salvador. O peemedebista recha\u00e7a a possibilidade de entrada do deputado federal licenciado e ministro-chefe da secretaria de Governo, Imbassahy (PSDB) e do prefeito de Feira de Santana, Jos\u00e9 Ronaldo (DEM) no ninho peemedebista.<\/p>\n<p>L\u00facio faz quest\u00e3o de elogiar os dois quadros pol\u00edticos com os quais tem rela\u00e7\u00f5es, mas deixa claro que o partido n\u00e3o carece de \u201ccandidato bi\u00f4nico\u201d para compor a chapa majorit\u00e1ria de 2018 em alian\u00e7a com o prefeito de Salvador ACM Neto (DEM).<\/p>\n<p>\u201cO PMDB tem quadros importantes e com capacidade de compor a chapa majorit\u00e1ria. Temos o maior tempo de televis\u00e3o. Somos o partido do presidente da Rep\u00fablica e temos hist\u00f3ria que n\u00e3o pode ser ignorada\u201d.<!--more--><\/p>\n<p>O deputado federal diz ainda que a entrada de Bruno Reis, \u00e0 \u00e9poca deputado estadual e atualmente vice-prefeito de Salvador, foi diferente e n\u00e3o atendeu a um tipo de estrat\u00e9gia de composi\u00e7\u00e3o eleitoral. Bruno Reis chegou, de acordo com L\u00facio, e deu provas de que pode integrar as linhas peemedebistas.<\/p>\n<p>Com a possibilidade de gerir as tr\u00eas maiores cidades do estado (Herzem Gusm\u00e3o em Vit\u00f3ria da Conquista, Colbert Martins em Feira de Santana e Bruno Reis em Salvador), o PMDB tem ainda uma pedida na chapa majorit\u00e1ria.<\/p>\n<p>Este espa\u00e7o tendia a ser ocupado por Geddel Vieira Lima, mas com os problemas judiciais e pol\u00edticos o irm\u00e3o mais velho dos Vieira Lima est\u00e1 impedido de disputar. \u201cTodos os filiados do PMDB t\u00eam condi\u00e7\u00f5es de assumir um lugar na chapa. Temos Leur Lomanto (deputado estadual e l\u00edder da bancada da Minoria na AL-BA), Pedro Tavares que tamb\u00e9m \u00e9 deputado estadual, F\u00e1bio Mota que \u00e9 secret\u00e1rio de Mobilidade, enfim temos quadros\u201d, elencou.<\/p>\n<p>O parlamentar n\u00e3o nega nem admite, mas ele pr\u00f3prio pode ocupar a vaga. O problema \u00e9 que o desenho eleitoral precisa estar bem definido e os ventos soprando, de forma convincente, a favor. N\u00e3o arriscaria uma elei\u00e7\u00e3o encaminhada por uma aventura eleitoral na disputa dura por uma vaga no Senado.<\/p>\n","protected":false},"excerpt":{"rendered":"<p>O PMDB da Bahia n\u00e3o ser\u00e1 barriga de aluguel. A declara\u00e7\u00e3o \u00e9 do deputado federal e secret\u00e1rio-adjunto do PMDB na Bahia, L\u00facio Vieira Lima, que tamb\u00e9m dirige o partido em Salvador. O peemedebista recha\u00e7a a possibilidade de entrada do deputado federal licenciado e ministro-chefe da secretaria de Governo, Imbassahy (PSDB) e do prefeito de Feira [&hellip;]<\/p>\n","protected":false},"author":2,"featured_media":66666,"comment_status":"open","ping_status":"open","sticky":false,"template":"","format":"standard","meta":{"footnotes":"","_links_to":"","_links_to_target":""},"categories":[1],"tags":[],"class_list":["post-66665","post","type-post","status-publish","format-standard","has-post-thumbnail","hentry","category-geral"],"views":1319,"_links":{"self":[{"href":"https:\/\/www.sudoestehoje.com.br\/novoportal\/wp-json\/wp\/v2\/posts\/66665","targetHints":{"allow":["GET"]}}],"collection":[{"href":"https:\/\/www.sudoestehoje.com.br\/novoportal\/wp-json\/wp\/v2\/posts"}],"about":[{"href":"https:\/\/www.sudoestehoje.com.br\/novoportal\/wp-json\/wp\/v2\/types\/post"}],"author":[{"embeddable":true,"href":"https:\/\/www.sudoestehoje.com.br\/novoportal\/wp-json\/wp\/v2\/users\/2"}],"replies":[{"embeddable":true,"href":"https:\/\/www.sudoestehoje.com.br\/novoportal\/wp-json\/wp\/v2\/comments?post=66665"}],"version-history":[{"count":4,"href":"https:\/\/www.sudoestehoje.com.br\/novoportal\/wp-json\/wp\/v2\/posts\/66665\/revisions"}],"predecessor-version":[{"id":66671,"href":"https:\/\/www.sudoestehoje.com.br\/novoportal\/wp-json\/wp\/v2\/posts\/66665\/revisions\/66671"}],"wp:featuredmedia":[{"embeddable":true,"href":"https:\/\/www.sudoestehoje.com.br\/novoportal\/wp-json\/wp\/v2\/media\/66666"}],"wp:attachment":[{"href":"https:\/\/www.sudoestehoje.com.br\/novoportal\/wp-json\/wp\/v2\/media?parent=66665"}],"wp:term":[{"taxonomy":"category","embeddable":true,"href":"https:\/\/www.sudoestehoje.com.br\/novoportal\/wp-json\/wp\/v2\/categories?post=66665"},{"taxonomy":"post_tag","embeddable":true,"href":"https:\/\/www.sudoestehoje.com.br\/novoportal\/wp-json\/wp\/v2\/tags?post=66665"}],"curies":[{"name":"wp","href":"https:\/\/api.w.org\/{rel}","templated":true}]}}