
{"id":66660,"date":"2017-07-20T22:16:11","date_gmt":"2017-07-21T01:16:11","guid":{"rendered":"http:\/\/www.sudoestehoje.com.br\/novoportal\/?p=66660"},"modified":"2017-07-20T22:16:11","modified_gmt":"2017-07-21T01:16:11","slug":"prefeito-de-potiragua-desmente-noticia-de-adesao-ao-grupo-de-rui-costa","status":"publish","type":"post","link":"https:\/\/www.sudoestehoje.com.br\/novoportal\/2017\/07\/20\/prefeito-de-potiragua-desmente-noticia-de-adesao-ao-grupo-de-rui-costa\/","title":{"rendered":"PREFEITO DE POTIRAGU\u00c1 DESMENTE NOT\u00cdCIA DE ADES\u00c3O AO GRUPO DE RUI COSTA"},"content":{"rendered":"<p><a href=\"http:\/\/www.sudoestehoje.com.br\/novoportal\/wp-content\/uploads\/2017\/07\/JORGE-E-RODRIGO.jpg\"><img loading=\"lazy\" decoding=\"async\" class=\"aligncenter size-medium wp-image-66662\" src=\"http:\/\/www.sudoestehoje.com.br\/novoportal\/wp-content\/uploads\/2017\/07\/JORGE-E-RODRIGO-500x310.jpg\" alt=\"\" width=\"500\" height=\"310\" srcset=\"https:\/\/www.sudoestehoje.com.br\/novoportal\/wp-content\/uploads\/2017\/07\/JORGE-E-RODRIGO-500x310.jpg 500w, https:\/\/www.sudoestehoje.com.br\/novoportal\/wp-content\/uploads\/2017\/07\/JORGE-E-RODRIGO-768x477.jpg 768w, https:\/\/www.sudoestehoje.com.br\/novoportal\/wp-content\/uploads\/2017\/07\/JORGE-E-RODRIGO-700x435.jpg 700w, https:\/\/www.sudoestehoje.com.br\/novoportal\/wp-content\/uploads\/2017\/07\/JORGE-E-RODRIGO.jpg 960w\" sizes=\"auto, (max-width: 500px) 100vw, 500px\" \/><\/a><\/p>\n<p>Durante toda a semana, not\u00edcias dando conta de uma suposta &#8220;ades\u00e3o&#8221; do prefeito de Potiragu\u00e1, Jorge Cheles (PMDB), ao grupo do governador Rui Costa (PT), foram divulgadas em sites governistas e nas redes sociais, para dar a impress\u00e3o de que estaria havendo uma &#8220;debandada de opositores&#8221; para as hostes do governo, com vistas \u00e0s elei\u00e7\u00f5es de 2018.<\/p>\n<p>Na tarde desta sexta-feira (20), o editor do Sudoeste Hoje teve uma longa conversa com o prefeito Jorge Cheles, em Itapetinga, quando o gestor negou qualquer possibilidade de sair do PMDB, partido pelo qual se elegeu, atribuindo a falsa not\u00edcia a meras especula\u00e7\u00f5es de advers\u00e1rios, no intuito de desgast\u00e1-lo junto \u00e0s suas bases.<\/p>\n<p>Segundo Jorge, o seu relacionamento com o governo do estado \u00e9 meramente institucional, e que na qualidade de prefeito tem o dever de buscar junto ao governo, seja na \u00e1rea estadual ou na federal, recursos para melhor gerir o seu munic\u00edpio, e que a boa rela\u00e7\u00e3o com o governador n\u00e3o deve ser confundida com qualquer esp\u00e9cie de ades\u00e3o.<\/p>\n<p>Jorge Cheles vem fazendo em Potiragu\u00e1 uma administra\u00e7\u00e3o din\u00e2mica e diferenciada, impondo um excelente ritmo de realiza\u00e7\u00f5es, mesmo em \u00e9poca de crise.<\/p>\n<p><strong><em>Por Davi Ferraz\u00a0<\/em><\/strong><\/p>\n","protected":false},"excerpt":{"rendered":"<p>Durante toda a semana, not\u00edcias dando conta de uma suposta &#8220;ades\u00e3o&#8221; do prefeito de Potiragu\u00e1, Jorge Cheles (PMDB), ao grupo do governador Rui Costa (PT), foram divulgadas em sites governistas e nas redes sociais, para dar a impress\u00e3o de que estaria havendo uma &#8220;debandada de opositores&#8221; para as hostes do governo, com vistas \u00e0s elei\u00e7\u00f5es [&hellip;]<\/p>\n","protected":false},"author":2,"featured_media":66662,"comment_status":"open","ping_status":"open","sticky":false,"template":"","format":"standard","meta":{"footnotes":"","_links_to":"","_links_to_target":""},"categories":[1],"tags":[],"class_list":["post-66660","post","type-post","status-publish","format-standard","has-post-thumbnail","hentry","category-geral"],"views":1586,"_links":{"self":[{"href":"https:\/\/www.sudoestehoje.com.br\/novoportal\/wp-json\/wp\/v2\/posts\/66660","targetHints":{"allow":["GET"]}}],"collection":[{"href":"https:\/\/www.sudoestehoje.com.br\/novoportal\/wp-json\/wp\/v2\/posts"}],"about":[{"href":"https:\/\/www.sudoestehoje.com.br\/novoportal\/wp-json\/wp\/v2\/types\/post"}],"author":[{"embeddable":true,"href":"https:\/\/www.sudoestehoje.com.br\/novoportal\/wp-json\/wp\/v2\/users\/2"}],"replies":[{"embeddable":true,"href":"https:\/\/www.sudoestehoje.com.br\/novoportal\/wp-json\/wp\/v2\/comments?post=66660"}],"version-history":[{"count":2,"href":"https:\/\/www.sudoestehoje.com.br\/novoportal\/wp-json\/wp\/v2\/posts\/66660\/revisions"}],"predecessor-version":[{"id":66664,"href":"https:\/\/www.sudoestehoje.com.br\/novoportal\/wp-json\/wp\/v2\/posts\/66660\/revisions\/66664"}],"wp:featuredmedia":[{"embeddable":true,"href":"https:\/\/www.sudoestehoje.com.br\/novoportal\/wp-json\/wp\/v2\/media\/66662"}],"wp:attachment":[{"href":"https:\/\/www.sudoestehoje.com.br\/novoportal\/wp-json\/wp\/v2\/media?parent=66660"}],"wp:term":[{"taxonomy":"category","embeddable":true,"href":"https:\/\/www.sudoestehoje.com.br\/novoportal\/wp-json\/wp\/v2\/categories?post=66660"},{"taxonomy":"post_tag","embeddable":true,"href":"https:\/\/www.sudoestehoje.com.br\/novoportal\/wp-json\/wp\/v2\/tags?post=66660"}],"curies":[{"name":"wp","href":"https:\/\/api.w.org\/{rel}","templated":true}]}}