
{"id":66636,"date":"2017-07-19T21:10:30","date_gmt":"2017-07-20T00:10:30","guid":{"rendered":"http:\/\/www.sudoestehoje.com.br\/novoportal\/?p=66636"},"modified":"2017-07-19T21:10:30","modified_gmt":"2017-07-20T00:10:30","slug":"sudoeste-professores-da-uesb-aprovam-indicativo-de-greve","status":"publish","type":"post","link":"https:\/\/www.sudoestehoje.com.br\/novoportal\/2017\/07\/19\/sudoeste-professores-da-uesb-aprovam-indicativo-de-greve\/","title":{"rendered":"SUDOESTE: PROFESSORES DA UESB APROVAM INDICATIVO DE GREVE"},"content":{"rendered":"<p><em><strong>(Ascom\/Adusb)<\/strong><\/em><\/p>\n<p><a href=\"http:\/\/www.sudoestehoje.com.br\/novoportal\/wp-content\/uploads\/2017\/07\/Indicativo-G.jpg\"><img loading=\"lazy\" decoding=\"async\" class=\"aligncenter size-medium wp-image-66637\" src=\"http:\/\/www.sudoestehoje.com.br\/novoportal\/wp-content\/uploads\/2017\/07\/Indicativo-G-500x333.jpg\" alt=\"\" width=\"500\" height=\"333\" srcset=\"https:\/\/www.sudoestehoje.com.br\/novoportal\/wp-content\/uploads\/2017\/07\/Indicativo-G-500x333.jpg 500w, https:\/\/www.sudoestehoje.com.br\/novoportal\/wp-content\/uploads\/2017\/07\/Indicativo-G.jpg 600w\" sizes=\"auto, (max-width: 500px) 100vw, 500px\" \/><\/a><\/p>\n<p>Em protesto contra o descaso do governo Rui Costa (PT), professoras e professores da UESB aprovaram, na manh\u00e3 dessa ter\u00e7a-feira (18), indicativo de greve. A pauta de reivindica\u00e7\u00f5es do movimento docente foi protocolada em dezembro do ano passado e o Estado tem protelado as negocia\u00e7\u00f5es.<\/p>\n<p>A categoria avalia que apesar das publica\u00e7\u00f5es das promo\u00e7\u00f5es e progress\u00f5es da sexta-feira (14) e s\u00e1bado (15), o governo precisa negociar com o F\u00f3rum das ADs os demais pontos de reivindica\u00e7\u00e3o, especialmente os que atendem todos docentes, inclusive os aposentados, como a pauta salarial. Vale lembrar tamb\u00e9m que a retroatividade financeira devida n\u00e3o foi assegurada \u00e0s promo\u00e7\u00f5es e progress\u00f5es veiculadas na semana passada no Di\u00e1rio Oficial.<\/p>\n<p>O presidente da Adusb, S\u00e9rgio Barroso, ressalta a necessidade da mobiliza\u00e7\u00e3o da categoria. \u201cA publica\u00e7\u00e3o das promo\u00e7\u00f5es e progress\u00f5es \u00e9 um avan\u00e7o importante, mas o que foi publicado contempla menos da metade da demanda. Al\u00e9m disso, n\u00e3o podemos esquecer que as pautas salarial e or\u00e7ament\u00e1ria s\u00e3o tamb\u00e9m importantes. \u00c9 preciso fortalecer a luta para pressionar o governo a atender toda nossa pauta\u201d, afirma o presidente.<!--more--><\/p>\n<p>H\u00e1 dois anos, o Estado n\u00e3o faz a reposi\u00e7\u00e3o inflacion\u00e1ria do funcionalismo p\u00fablico, o que resulta numa perda salarial de quase 20%. Significa dizer que professoras e professores deixam de receber por ano o valor equivalente a dois meses de sal\u00e1rio, aproximadamente. Ainda no \u00e2mbito dos direitos trabalhistas, o movimento docente luta pela concess\u00e3o de todas as promo\u00e7\u00f5es, progress\u00f5es, mudan\u00e7as de regime de trabalho, recomposi\u00e7\u00e3o salarial de 30,5% e retorno da licen\u00e7a sab\u00e1tica, retirada de forma autorit\u00e1ria pelo governo em 2015.<\/p>\n<p>Al\u00e9m disso, n\u00e3o tem sido destinado or\u00e7amento suficiente para as atividades de ensino, pesquisa e extens\u00e3o das Universidades Estaduais. Pagamento de fornecedores, recursos para manuten\u00e7\u00e3o de projetos de pesquisa e extens\u00e3o, por exemplo, est\u00e3o prejudicados. Nos \u00faltimos dois anos, 36 professores (entre efetivos e substitutos) deixaram de ser contratados na UESB. Portanto, 110 disciplinas n\u00e3o foram oferecidas para preju\u00edzo dos cerca de 10.000 estudantes da Institui\u00e7\u00e3o.<\/p>\n<p>Professoras e professores da UESB continuar\u00e3o mobilizados pelos direitos trabalhistas e em defesa das Universidades Estaduais. As assembleias docentes da UEFS, UESC e UNEB pautar\u00e3o o indicativo de greve nos pr\u00f3ximos dias.<\/p>\n<p><strong>Conhe\u00e7a a pauta de reivindica\u00e7\u00f5es<\/strong><\/p>\n<p>\u2013 Aumento do repasse or\u00e7ament\u00e1rio Estado \u00e0s Universidades Estaduais Baianas para 7% da Receita L\u00edquida de Impostos (RLI);<\/p>\n<p>\u2013 Pagamento do reajuste linear integral dos servidores p\u00fablicos, em uma \u00fanica parcela, dos anos 2015 e 2016, com base no \u00cdndice Nacional de Pre\u00e7os ao Consumidor Amplo (IPCA);<\/p>\n<p>\u2013 Reajuste de 11% no sal\u00e1rio base dos docentes para garantir a pol\u00edtica de recupera\u00e7\u00e3o salarial;<\/p>\n<p>\u2013 Cumprimento dos direitos trabalhistas (promo\u00e7\u00e3o, progress\u00e3o, mudan\u00e7a de regime de trabalho, insalubridade e retorno da licen\u00e7a sab\u00e1tica);<\/p>\n<p>\u2013 Amplia\u00e7\u00e3o e desvincula\u00e7\u00e3o das vagas\/classe do quadro docente.<\/p>\n","protected":false},"excerpt":{"rendered":"<p>(Ascom\/Adusb) Em protesto contra o descaso do governo Rui Costa (PT), professoras e professores da UESB aprovaram, na manh\u00e3 dessa ter\u00e7a-feira (18), indicativo de greve. A pauta de reivindica\u00e7\u00f5es do movimento docente foi protocolada em dezembro do ano passado e o Estado tem protelado as negocia\u00e7\u00f5es. A categoria avalia que apesar das publica\u00e7\u00f5es das promo\u00e7\u00f5es [&hellip;]<\/p>\n","protected":false},"author":2,"featured_media":66637,"comment_status":"open","ping_status":"open","sticky":false,"template":"","format":"standard","meta":{"footnotes":"","_links_to":"","_links_to_target":""},"categories":[1],"tags":[],"class_list":["post-66636","post","type-post","status-publish","format-standard","has-post-thumbnail","hentry","category-geral"],"views":1901,"_links":{"self":[{"href":"https:\/\/www.sudoestehoje.com.br\/novoportal\/wp-json\/wp\/v2\/posts\/66636","targetHints":{"allow":["GET"]}}],"collection":[{"href":"https:\/\/www.sudoestehoje.com.br\/novoportal\/wp-json\/wp\/v2\/posts"}],"about":[{"href":"https:\/\/www.sudoestehoje.com.br\/novoportal\/wp-json\/wp\/v2\/types\/post"}],"author":[{"embeddable":true,"href":"https:\/\/www.sudoestehoje.com.br\/novoportal\/wp-json\/wp\/v2\/users\/2"}],"replies":[{"embeddable":true,"href":"https:\/\/www.sudoestehoje.com.br\/novoportal\/wp-json\/wp\/v2\/comments?post=66636"}],"version-history":[{"count":1,"href":"https:\/\/www.sudoestehoje.com.br\/novoportal\/wp-json\/wp\/v2\/posts\/66636\/revisions"}],"predecessor-version":[{"id":66638,"href":"https:\/\/www.sudoestehoje.com.br\/novoportal\/wp-json\/wp\/v2\/posts\/66636\/revisions\/66638"}],"wp:featuredmedia":[{"embeddable":true,"href":"https:\/\/www.sudoestehoje.com.br\/novoportal\/wp-json\/wp\/v2\/media\/66637"}],"wp:attachment":[{"href":"https:\/\/www.sudoestehoje.com.br\/novoportal\/wp-json\/wp\/v2\/media?parent=66636"}],"wp:term":[{"taxonomy":"category","embeddable":true,"href":"https:\/\/www.sudoestehoje.com.br\/novoportal\/wp-json\/wp\/v2\/categories?post=66636"},{"taxonomy":"post_tag","embeddable":true,"href":"https:\/\/www.sudoestehoje.com.br\/novoportal\/wp-json\/wp\/v2\/tags?post=66636"}],"curies":[{"name":"wp","href":"https:\/\/api.w.org\/{rel}","templated":true}]}}