
{"id":66629,"date":"2017-07-19T19:11:28","date_gmt":"2017-07-19T22:11:28","guid":{"rendered":"http:\/\/www.sudoestehoje.com.br\/novoportal\/?p=66629"},"modified":"2017-07-19T19:11:28","modified_gmt":"2017-07-19T22:11:28","slug":"sudoeste-santa-casa-de-jequie-promove-feira-de-saude-em-beneficio-da-comunidade","status":"publish","type":"post","link":"https:\/\/www.sudoestehoje.com.br\/novoportal\/2017\/07\/19\/sudoeste-santa-casa-de-jequie-promove-feira-de-saude-em-beneficio-da-comunidade\/","title":{"rendered":"SUDOESTE: SANTA CASA DE JEQUI\u00c9 PROMOVE FEIRA DE SA\u00daDE EM BENEF\u00cdCIO DA COMUNIDADE"},"content":{"rendered":"<p><a href=\"http:\/\/www.sudoestehoje.com.br\/novoportal\/wp-content\/uploads\/2017\/07\/Feira-de-Sa\u00fade-da-Funda\u00e7\u00e3o-Jos\u00e9-Silveira.jpg\"><img loading=\"lazy\" decoding=\"async\" class=\"aligncenter size-medium wp-image-66630\" src=\"http:\/\/www.sudoestehoje.com.br\/novoportal\/wp-content\/uploads\/2017\/07\/Feira-de-Sa\u00fade-da-Funda\u00e7\u00e3o-Jos\u00e9-Silveira-500x333.jpg\" alt=\"\" width=\"500\" height=\"333\" srcset=\"https:\/\/www.sudoestehoje.com.br\/novoportal\/wp-content\/uploads\/2017\/07\/Feira-de-Sa\u00fade-da-Funda\u00e7\u00e3o-Jos\u00e9-Silveira-500x333.jpg 500w, https:\/\/www.sudoestehoje.com.br\/novoportal\/wp-content\/uploads\/2017\/07\/Feira-de-Sa\u00fade-da-Funda\u00e7\u00e3o-Jos\u00e9-Silveira-768x512.jpg 768w, https:\/\/www.sudoestehoje.com.br\/novoportal\/wp-content\/uploads\/2017\/07\/Feira-de-Sa\u00fade-da-Funda\u00e7\u00e3o-Jos\u00e9-Silveira-700x467.jpg 700w, https:\/\/www.sudoestehoje.com.br\/novoportal\/wp-content\/uploads\/2017\/07\/Feira-de-Sa\u00fade-da-Funda\u00e7\u00e3o-Jos\u00e9-Silveira.jpg 1354w\" sizes=\"auto, (max-width: 500px) 100vw, 500px\" \/><\/a><\/p>\n<p>A Santa Casa de Jequi\u00e9 vai realizar, em parceria com a Secretaria Municipal de Sa\u00fade, nos dias 20, 21 e\u00a0<span id=\"yiv5717711071OBJ_PREFIX_DWT309_com_zimbra_date\" class=\"yiv5717711071Object\">22 de julho<\/span>, uma Feira de Sa\u00fade com a oferta de consultas m\u00e9dicas e exames gratuitos para a popula\u00e7\u00e3o.\u00a0No dia 20, os atendimentos ser\u00e3o realizados no Mandacaru; dia 21, no Curral Novo; e no dia 22, na Cachoeirinha.<\/p>\n<p>A iniciativa da Santa Casa de Jequi\u00e9 de levar o mutir\u00e3o de servi\u00e7os ao munic\u00edpio \u00e9 feita com base em diversos crit\u00e9rios, inclusive de indicadores sociais, como parte do trabalho da institui\u00e7\u00e3o voltado aos Objetivos de Desenvolvimento Sustent\u00e1vel (ODS) definidos pela ONU para melhoria das condi\u00e7\u00f5es de sa\u00fade.<\/p>\n<p>Para ser atendido, \u00e9 s\u00f3 apresentar a identidade, comprovante de resid\u00eancia e cart\u00e3o SUS. A ultrassonografia \u00e9 realizada com a apresenta\u00e7\u00e3o da requisi\u00e7\u00e3o m\u00e9dica. Os atendimentos s\u00e3o feitos por ordem de chegada e as vagas s\u00e3o limitadas. \/\/Ascom<\/p>\n","protected":false},"excerpt":{"rendered":"<p>A Santa Casa de Jequi\u00e9 vai realizar, em parceria com a Secretaria Municipal de Sa\u00fade, nos dias 20, 21 e\u00a022 de julho, uma Feira de Sa\u00fade com a oferta de consultas m\u00e9dicas e exames gratuitos para a popula\u00e7\u00e3o.\u00a0No dia 20, os atendimentos ser\u00e3o realizados no Mandacaru; dia 21, no Curral Novo; e no dia 22, [&hellip;]<\/p>\n","protected":false},"author":2,"featured_media":66630,"comment_status":"open","ping_status":"open","sticky":false,"template":"","format":"standard","meta":{"footnotes":"","_links_to":"","_links_to_target":""},"categories":[1],"tags":[],"class_list":["post-66629","post","type-post","status-publish","format-standard","has-post-thumbnail","hentry","category-geral"],"views":1097,"_links":{"self":[{"href":"https:\/\/www.sudoestehoje.com.br\/novoportal\/wp-json\/wp\/v2\/posts\/66629","targetHints":{"allow":["GET"]}}],"collection":[{"href":"https:\/\/www.sudoestehoje.com.br\/novoportal\/wp-json\/wp\/v2\/posts"}],"about":[{"href":"https:\/\/www.sudoestehoje.com.br\/novoportal\/wp-json\/wp\/v2\/types\/post"}],"author":[{"embeddable":true,"href":"https:\/\/www.sudoestehoje.com.br\/novoportal\/wp-json\/wp\/v2\/users\/2"}],"replies":[{"embeddable":true,"href":"https:\/\/www.sudoestehoje.com.br\/novoportal\/wp-json\/wp\/v2\/comments?post=66629"}],"version-history":[{"count":2,"href":"https:\/\/www.sudoestehoje.com.br\/novoportal\/wp-json\/wp\/v2\/posts\/66629\/revisions"}],"predecessor-version":[{"id":66632,"href":"https:\/\/www.sudoestehoje.com.br\/novoportal\/wp-json\/wp\/v2\/posts\/66629\/revisions\/66632"}],"wp:featuredmedia":[{"embeddable":true,"href":"https:\/\/www.sudoestehoje.com.br\/novoportal\/wp-json\/wp\/v2\/media\/66630"}],"wp:attachment":[{"href":"https:\/\/www.sudoestehoje.com.br\/novoportal\/wp-json\/wp\/v2\/media?parent=66629"}],"wp:term":[{"taxonomy":"category","embeddable":true,"href":"https:\/\/www.sudoestehoje.com.br\/novoportal\/wp-json\/wp\/v2\/categories?post=66629"},{"taxonomy":"post_tag","embeddable":true,"href":"https:\/\/www.sudoestehoje.com.br\/novoportal\/wp-json\/wp\/v2\/tags?post=66629"}],"curies":[{"name":"wp","href":"https:\/\/api.w.org\/{rel}","templated":true}]}}