
{"id":66619,"date":"2017-07-19T09:11:39","date_gmt":"2017-07-19T12:11:39","guid":{"rendered":"http:\/\/www.sudoestehoje.com.br\/novoportal\/?p=66619"},"modified":"2017-07-19T09:22:32","modified_gmt":"2017-07-19T12:22:32","slug":"regiao-vita-ambiental-vai-patrocinar-selecao-de-futebol-de-itambe","status":"publish","type":"post","link":"https:\/\/www.sudoestehoje.com.br\/novoportal\/2017\/07\/19\/regiao-vita-ambiental-vai-patrocinar-selecao-de-futebol-de-itambe\/","title":{"rendered":"REGI\u00c3O: ECO VITA AMBIENTAL VAI PATROCINAR SELE\u00c7\u00c3O DE FUTEBOL DE ITAMB\u00c9"},"content":{"rendered":"<p><strong>ECO-VITA AMBIENTAL vai patrocinar SELE\u00c7\u00c3O DE FUTEBOL DE ITAMB\u00c9 durante a disputa do Campeonato Intermunicipal 2017. Prefeitura e empresa tamb\u00e9m far\u00e3o campanhas conjuntas para promover atividades f\u00edsicas entre os jovens.<\/strong><\/p>\n<p><a href=\"http:\/\/www.sudoestehoje.com.br\/novoportal\/wp-content\/uploads\/2017\/07\/VITA-ITAMB\u00c9.jpg\"><img loading=\"lazy\" decoding=\"async\" class=\"aligncenter size-medium wp-image-66620\" src=\"http:\/\/www.sudoestehoje.com.br\/novoportal\/wp-content\/uploads\/2017\/07\/VITA-ITAMB\u00c9-500x420.jpg\" alt=\"\" width=\"500\" height=\"420\" srcset=\"https:\/\/www.sudoestehoje.com.br\/novoportal\/wp-content\/uploads\/2017\/07\/VITA-ITAMB\u00c9-500x420.jpg 500w, https:\/\/www.sudoestehoje.com.br\/novoportal\/wp-content\/uploads\/2017\/07\/VITA-ITAMB\u00c9-768x646.jpg 768w, https:\/\/www.sudoestehoje.com.br\/novoportal\/wp-content\/uploads\/2017\/07\/VITA-ITAMB\u00c9-700x588.jpg 700w, https:\/\/www.sudoestehoje.com.br\/novoportal\/wp-content\/uploads\/2017\/07\/VITA-ITAMB\u00c9.jpg 960w\" sizes=\"auto, (max-width: 500px) 100vw, 500px\" \/><\/a><\/p>\n<p>A Prefeitura Municipal de Itamb\u00e9 e a ECO-VITA AMBIENTAL, uma das empresas do setor de engenharia ambiental mais bem-conceituadas da regi\u00e3o, oficializaram um acordo de patroc\u00ednio para a Sele\u00e7\u00e3o de Futebol de Itamb\u00e9.<\/p>\n<p>O contrato foi assinado na tarde de ontem, no gabinete do Prefeito Eduardo Gama e contou com a presen\u00e7a do vice-prefeito, Bita Gusm\u00e3o e do Diretor Presidente da empresa, o empres\u00e1rio e advogado Marco Correia. A empresa ir\u00e1 ocupar um lugar de destaque na camisa da Sele\u00e7\u00e3o Municipal e tamb\u00e9m ter\u00e1 direito a outros benef\u00edcios como placa no est\u00e1dio e divulga\u00e7\u00f5es no site e redes sociais.<\/p>\n<p>\u201cO acordo de patroc\u00ednio com a ECO VITA AMBIENTAL consolida cada vez mais a parceria que o munic\u00edpio tem com a empresa e valoriza essa rela\u00e7\u00e3o de compromisso e respeito m\u00fatuo. Nosso bom relacionamento com a VITA vai al\u00e9m do apoio ao esporte. \u00c9 uma parceria estrat\u00e9gica, ou seja, \u00e9 um ato de confian\u00e7a e credibilidade nesta gest\u00e3o que tamb\u00e9m objetiva estabelecer outras parcerias de apoio aos mais variados projetos de desenvolvimento para o munic\u00edpio de Itamb\u00e9\u201d, afirmou confiante, o prefeito Eduardo Gama.<\/p>\n<p>A ECO-VITA AMBIENTAL e a prefeitura de Itamb\u00e9, al\u00e9m da parceria firmada para apoio a Sele\u00e7\u00e3o Municipal de Futebol, j\u00e1 pensam em promover em 2017, quando o munic\u00edpio completa 90 anos, projetos que visam propiciar a popula\u00e7\u00e3o um estilo de vida mais saud\u00e1vel e de atividade f\u00edsica para os jovens, trazendo ao longo do ano, atletas para divulgarem e aplicarem aulas das mais variadas modalidades esportivas, al\u00e9m de promover academias de dan\u00e7a, muscula\u00e7\u00e3o e aer\u00f3bica ao ar livre.<\/p>\n<p>\u201cA parceria entre empresa e munic\u00edpio tende a ser uma a\u00e7\u00e3o de sucesso, pois tanto o diretor da VITA AMBIENTAL, Marco Correia, quanto nosso prefeito municipal Eduardo Gama, acreditam na import\u00e2ncia da pr\u00e1tica esportiva desde pequeno como elemento chave para aprender valores imprescind\u00edveis para o desenvolvimento dos mais jovens\u201d, comentou o vice-prefeito Bita Gusm\u00e3o.<\/p>\n<p>\u201cEstamos contentes em nos unirmos ao Munic\u00edpio de Itamb\u00e9 e juntos vamos desenvolver uma s\u00e9rie de programas esportivos e de atividades projetadas para incentivar a pr\u00e1tica do esporte. A Vita apoia e investe em v\u00e1rios atletas, dentre eles o lutador do UFC Erick Silva e o recente campe\u00e3o brasileiro de Jiu-Jitsu, o baiano Elismaique Azevedo, que disputou e conquistou o t\u00edtulo h\u00e1 duas semanas atr\u00e1s no Barueri Jiu-Jitsu em S\u00e3o Paulo\u201d, afirmou Correia.<\/p>\n<p>\u201cCom nossa colabora\u00e7\u00e3o e a vontade e dedica\u00e7\u00e3o do prefeito Eduardo Gama em desenvolver Itamb\u00e9, pretendemos fazer uma diferen\u00e7a na vida de centenas de jovens e crian\u00e7as em toda regi\u00e3o\u201d, acrescentou. \/\/Ascom<\/p>\n","protected":false},"excerpt":{"rendered":"<p>ECO-VITA AMBIENTAL vai patrocinar SELE\u00c7\u00c3O DE FUTEBOL DE ITAMB\u00c9 durante a disputa do Campeonato Intermunicipal 2017. Prefeitura e empresa tamb\u00e9m far\u00e3o campanhas conjuntas para promover atividades f\u00edsicas entre os jovens. A Prefeitura Municipal de Itamb\u00e9 e a ECO-VITA AMBIENTAL, uma das empresas do setor de engenharia ambiental mais bem-conceituadas da regi\u00e3o, oficializaram um acordo de [&hellip;]<\/p>\n","protected":false},"author":2,"featured_media":66620,"comment_status":"open","ping_status":"open","sticky":false,"template":"","format":"standard","meta":{"footnotes":"","_links_to":"","_links_to_target":""},"categories":[1],"tags":[],"class_list":["post-66619","post","type-post","status-publish","format-standard","has-post-thumbnail","hentry","category-geral"],"views":1430,"_links":{"self":[{"href":"https:\/\/www.sudoestehoje.com.br\/novoportal\/wp-json\/wp\/v2\/posts\/66619","targetHints":{"allow":["GET"]}}],"collection":[{"href":"https:\/\/www.sudoestehoje.com.br\/novoportal\/wp-json\/wp\/v2\/posts"}],"about":[{"href":"https:\/\/www.sudoestehoje.com.br\/novoportal\/wp-json\/wp\/v2\/types\/post"}],"author":[{"embeddable":true,"href":"https:\/\/www.sudoestehoje.com.br\/novoportal\/wp-json\/wp\/v2\/users\/2"}],"replies":[{"embeddable":true,"href":"https:\/\/www.sudoestehoje.com.br\/novoportal\/wp-json\/wp\/v2\/comments?post=66619"}],"version-history":[{"count":4,"href":"https:\/\/www.sudoestehoje.com.br\/novoportal\/wp-json\/wp\/v2\/posts\/66619\/revisions"}],"predecessor-version":[{"id":66628,"href":"https:\/\/www.sudoestehoje.com.br\/novoportal\/wp-json\/wp\/v2\/posts\/66619\/revisions\/66628"}],"wp:featuredmedia":[{"embeddable":true,"href":"https:\/\/www.sudoestehoje.com.br\/novoportal\/wp-json\/wp\/v2\/media\/66620"}],"wp:attachment":[{"href":"https:\/\/www.sudoestehoje.com.br\/novoportal\/wp-json\/wp\/v2\/media?parent=66619"}],"wp:term":[{"taxonomy":"category","embeddable":true,"href":"https:\/\/www.sudoestehoje.com.br\/novoportal\/wp-json\/wp\/v2\/categories?post=66619"},{"taxonomy":"post_tag","embeddable":true,"href":"https:\/\/www.sudoestehoje.com.br\/novoportal\/wp-json\/wp\/v2\/tags?post=66619"}],"curies":[{"name":"wp","href":"https:\/\/api.w.org\/{rel}","templated":true}]}}